{"id":24236,"date":"2026-04-19T10:00:02","date_gmt":"2026-04-19T08:00:02","guid":{"rendered":"https:\/\/almenas.es\/?p=24236"},"modified":"2026-04-17T11:41:30","modified_gmt":"2026-04-17T09:41:30","slug":"origine-du-pomeranien-histoire-evolution-lulu","status":"publish","type":"post","link":"https:\/\/almenas.es\/fr\/origine-du-pomeranien-histoire-evolution-lulu\/","title":{"rendered":"Origine du pom\u00e9ranien : histoire et \u00e9volution d\u2019un petit chien pas si petit \u00e0 l\u2019origine"},"content":{"rendered":"<p data-start=\"490\" data-end=\"679\">Le pom\u00e9ranien, aussi appel\u00e9 lulu de Pom\u00e9ranie, fait aujourd\u2019hui partie des petits chiens les plus populaires. Pourtant, son histoire commence bien loin de l\u2019image que l\u2019on en a aujourd\u2019hui.<\/p>\n<p data-start=\"681\" data-end=\"1065\">Derri\u00e8re sa petite taille et son allure de peluche se cache une race \u00e0 l\u2019origine beaucoup plus robuste, directement li\u00e9e aux anciens chiens de type spitz du nord de l\u2019Europe. Comprendre l\u2019origine du pom\u00e9ranien toy, ce n\u2019est pas simplement une question de curiosit\u00e9 : c\u2019est ce qui permet d\u2019expliquer son temp\u00e9rament vif, son expressivit\u00e9 et cette forte personnalit\u00e9 qui le caract\u00e9rise.<\/p>\n<p data-start=\"1067\" data-end=\"1382\">Dans cet article, nous vous expliquons d\u2019o\u00f9 vient le pom\u00e9ranien toy, comment il a \u00e9volu\u00e9 jusqu\u2019\u00e0 devenir le pom\u00e9ranien mini toy que l\u2019on conna\u00eet aujourd\u2019hui, quels sont les diff\u00e9rents types de pom\u00e9ranien que l\u2019on distingue g\u00e9n\u00e9ralement, et ce qui se cache derri\u00e8re des termes aussi r\u00e9pandus que \u00ab lulu \u00bb ou \u00ab boo \u00bb.<\/p>\n<p data-start=\"1384\" data-end=\"1480\">Le tout avec une approche claire, accessible et fond\u00e9e sur une connaissance concr\u00e8te de la race.<\/p>\n<p data-start=\"1384\" data-end=\"1480\"><img fetchpriority=\"high\" decoding=\"async\" class=\"alignnone wp-image-6123\" src=\"https:\/\/almenas.es\/wp-content\/uploads\/2021\/10\/criadores-de-pomerania-en-espana.jpg\" alt=\"acheter pom\u00e9ranien\" width=\"1464\" height=\"975\" srcset=\"https:\/\/almenas.es\/wp-content\/uploads\/2021\/10\/criadores-de-pomerania-en-espana.jpg 1024w, https:\/\/almenas.es\/wp-content\/uploads\/2021\/10\/criadores-de-pomerania-en-espana-300x200.jpg 300w, https:\/\/almenas.es\/wp-content\/uploads\/2021\/10\/criadores-de-pomerania-en-espana-768x512.jpg 768w\" sizes=\"(max-width: 1464px) 100vw, 1464px\" \/><\/p>\n<h2 data-start=\"170\" data-end=\"237\"><strong data-start=\"170\" data-end=\"237\">Origine du pom\u00e9ranien : o\u00f9 cette race est-elle r\u00e9ellement n\u00e9e ?<\/strong><\/h2>\n<h3 data-start=\"254\" data-end=\"286\"><strong data-start=\"254\" data-end=\"286\">Lieu d\u2019origine du pom\u00e9ranien<\/strong><\/h3>\n<p data-start=\"288\" data-end=\"489\">L\u2019origine du pom\u00e9ranien se situe dans une r\u00e9gion historique du nord de l\u2019Europe appel\u00e9e Pom\u00e9ranie, aujourd\u2019hui partag\u00e9e entre l\u2019Allemagne et la Pologne. C\u2019est d\u2019ailleurs de l\u00e0 que la race tire son nom.<\/p>\n<p data-start=\"491\" data-end=\"647\">Mais il y a un d\u00e9tail que beaucoup ignorent : le pom\u00e9ranien que l\u2019on conna\u00eet aujourd\u2019hui n\u2019a pas grand-chose \u00e0 voir, en termes de taille, avec ses anc\u00eatres.<\/p>\n<p data-start=\"649\" data-end=\"1001\">\u00c0 l\u2019origine, ces chiens \u00e9taient nettement plus grands. Ils \u00e9taient faits pour r\u00e9sister au froid, avec un pelage dense, une ossature solide et une vraie endurance. Rien \u00e0 voir avec le petit chien de compagnie que l\u2019on imagine aujourd\u2019hui. \u00c0 l\u2019\u00e9poque, ils faisaient partie du quotidien dans des environnements ruraux, o\u00f9 ils avaient un r\u00f4le bien concret.<\/p>\n<p data-start=\"1003\" data-end=\"1136\">Ce n\u2019\u00e9taient pas des chiens \u201cde salon\u201d. Ils travaillaient, ils gardaient, ils vivaient dehors \u2014 bref, ils avaient une vraie fonction.<\/p>\n<p data-start=\"1138\" data-end=\"1321\">C\u2019est pour \u00e7a que comprendre l\u2019origine du pom\u00e9ranien, c\u2019est aussi accepter une chose : sa taille actuelle est le r\u00e9sultat d\u2019une \u00e9volution progressive. Ce n\u2019est pas sa forme d\u2019origine.<\/p>\n<h3 data-start=\"1338\" data-end=\"1391\"><strong data-start=\"1338\" data-end=\"1391\">Le pom\u00e9ranien dans la famille des spitz europ\u00e9ens<\/strong><\/h3>\n<p data-start=\"1393\" data-end=\"1507\">Si on remonte encore un peu plus loin, le pom\u00e9ranien fait partie d\u2019une grande famille : celle des spitz europ\u00e9ens.<\/p>\n<p data-start=\"1509\" data-end=\"1826\">Ce sont des chiens tr\u00e8s anciens, facilement reconnaissables avec leurs oreilles droites, leur queue enroul\u00e9e sur le dos et ce fameux pelage \u00e9pais qui les prot\u00e8ge du froid. On les retrouvait un peu partout dans le nord de l\u2019Europe, o\u00f9 ils \u00e9taient utilis\u00e9s pour des t\u00e2ches vari\u00e9es, de la garde aux travaux du quotidien.<\/p>\n<p data-start=\"1828\" data-end=\"2031\">Dans cette famille, le pom\u00e9ranien descend du spitz allemand. Et c\u2019est l\u00e0 que les choses deviennent int\u00e9ressantes : avec le temps, certains individus ont \u00e9t\u00e9 s\u00e9lectionn\u00e9s pour \u00eatre de plus en plus petits.<\/p>\n<p data-start=\"2033\" data-end=\"2294\">Ce n\u2019est pas arriv\u00e9 du jour au lendemain, ni par hasard. \u00c0 mesure que les modes de vie \u00e9voluaient et que les chiens entraient davantage dans les foyers, on a commenc\u00e9 \u00e0 privil\u00e9gier des gabarits plus compacts\u2026 tout en conservant leur caract\u00e8re et leur structure.<\/p>\n<p data-start=\"2296\" data-end=\"2463\">Et c\u2019est exactement ce qui explique le pom\u00e9ranien d\u2019aujourd\u2019hui : un petit chien, oui, mais avec un h\u00e9ritage bien plus \u201crustique\u201d qu\u2019on ne l\u2019imagine au premier regard.<\/p>\n<h3 data-start=\"296\" data-end=\"364\"><strong data-start=\"296\" data-end=\"364\">Histoire du pom\u00e9ranien : du chien nordique au chien de compagnie<\/strong><\/h3>\n<p data-start=\"366\" data-end=\"766\">L\u2019histoire du pom\u00e9ranien est avant tout une histoire de transformation. Et, franchement, c\u2019est sans doute ce qui rend cette race si int\u00e9ressante. Car avant de devenir l\u2019un des petits chiens de compagnie les plus reconnaissables, le pom\u00e9ranien descendait de chiens bien plus rustiques, habitu\u00e9s \u00e0 vivre dans des conditions climatiques difficiles et \u00e0 remplir des fonctions tr\u00e8s concr\u00e8tes au quotidien.<\/p>\n<p data-start=\"768\" data-end=\"1197\">Pendant longtemps, les chiens de type spitz \u2014 dont le pom\u00e9ranien est issu \u2014 \u00e9taient pr\u00e9sents dans le nord de l\u2019Europe, o\u00f9 ils \u00e9taient appr\u00e9ci\u00e9s pour leur vigilance, leur r\u00e9sistance et leur grande capacit\u00e9 d\u2019adaptation. \u00c0 l\u2019\u00e9poque, on ne recherchait pas un chien \u201cmignon\u201d ou particuli\u00e8rement petit. Ce qui comptait, c\u2019\u00e9tait avant tout son utilit\u00e9, sa robustesse et sa facult\u00e9 \u00e0 suivre le rythme d\u2019une vie rurale parfois exigeante.<\/p>\n<p data-start=\"1199\" data-end=\"1532\">Le tournant commence lorsque ces chiens quittent progressivement ce cadre plus fonctionnel pour se rapprocher d\u2019environnements plus urbains et domestiques. Petit \u00e0 petit, leur r\u00f4le \u00e9volue. On ne les regarde plus seulement pour ce qu\u2019ils savent faire, mais aussi pour leur allure, leur temp\u00e9rament et leur pr\u00e9sence aupr\u00e8s de l\u2019humain.<\/p>\n<p data-start=\"1534\" data-end=\"1607\">C\u2019est \u00e0 partir de l\u00e0 que le pom\u00e9ranien commence vraiment \u00e0 se distinguer.<\/p>\n<p data-start=\"1609\" data-end=\"2031\">L\u2019un des moments les plus marquants dans l\u2019histoire de la race se situe au XVIIIe si\u00e8cle, lorsque ces petits spitz gagnent en visibilit\u00e9 aupr\u00e8s de l\u2019aristocratie europ\u00e9enne. Leur apparence, leur vivacit\u00e9 et leur \u00e9l\u00e9gance plaisent de plus en plus dans les milieux ais\u00e9s. Ce changement de regard va jouer un r\u00f4le essentiel dans l\u2019\u00e9volution de la race : le chien de travail commence \u00e0 devenir un chien de compagnie recherch\u00e9.<\/p>\n<p data-start=\"2033\" data-end=\"2122\">Mais c\u2019est surtout en Angleterre que l\u2019\u00e9volution du pom\u00e9ranien prend un tournant d\u00e9cisif.<\/p>\n<p data-start=\"2124\" data-end=\"2520\">Sous le r\u00e8gne de la reine Victoria, grande admiratrice de la race, l\u2019\u00e9levage s\u2019oriente vers des sujets plus petits. La souveraine aurait d\u00e9couvert ces chiens lors d\u2019un voyage en Italie et se serait particuli\u00e8rement int\u00e9ress\u00e9e \u00e0 leur format r\u00e9duit. Son influence a largement contribu\u00e9 \u00e0 populariser cette version plus compacte du pom\u00e9ranien, au point de marquer durablement l\u2019\u00e9volution de la race.<\/p>\n<p data-start=\"2522\" data-end=\"2820\">\u00c0 partir de cette p\u00e9riode, la s\u00e9lection change clairement de direction. On commence \u00e0 privil\u00e9gier des chiens plus petits, plus raffin\u00e9s dans leur apparence, mais toujours avec ce regard \u00e9veill\u00e9, cette expression vive et ce temp\u00e9rament affirm\u00e9 qui font encore aujourd\u2019hui la signature du pom\u00e9ranien.<\/p>\n<p data-start=\"2822\" data-end=\"2949\">Et c\u2019est l\u00e0 qu\u2019il y a quelque chose d\u2019assez fascinant : m\u00eame si son gabarit a fortement \u00e9volu\u00e9, son fond, lui, n\u2019a pas disparu.<\/p>\n<p data-start=\"2951\" data-end=\"3276\">Le pom\u00e9ranien actuel reste un chien alerte, curieux, expressif, parfois m\u00eame \u00e9tonnamment s\u00fbr de lui pour sa taille. Ce n\u2019est pas un hasard. Quand on conna\u00eet ses origines, tout s\u2019\u00e9claire un peu mieux : sous ses airs de petit compagnon tr\u00e8s \u00e9l\u00e9gant, il garde l\u2019empreinte d\u2019un chien ancien, vif, r\u00e9sistant et plein de caract\u00e8re.<\/p>\n<p data-start=\"3278\" data-end=\"3397\">Autrement dit, sa transformation physique a \u00e9t\u00e9 importante, mais son identit\u00e9 profonde, elle, est rest\u00e9e bien pr\u00e9sente.<\/p>\n<h2 data-start=\"139\" data-end=\"208\"><strong data-start=\"139\" data-end=\"208\">Types de pom\u00e9ranien : quelles diff\u00e9rences observe-t-on vraiment ?<\/strong><\/h2>\n<p data-start=\"210\" data-end=\"512\">Quand on parle de types de pom\u00e9ranien, la plupart des recherches ne concernent pas des vari\u00e9t\u00e9s officielles, mais plut\u00f4t l\u2019apparence du chien : la forme du visage, son expression ou encore son gabarit. Et c\u2019est pr\u00e9cis\u00e9ment l\u00e0 que les choses se compliquent un peu\u2026 parce qu\u2019il y a beaucoup de confusion.<\/p>\n<p data-start=\"514\" data-end=\"713\">En r\u00e9alit\u00e9, le pom\u00e9ranien est une seule et m\u00eame race, appartenant au groupe des spitz. Il n\u2019existe pas de \u201ctypes de pom\u00e9ranien\u201d reconnus officiellement comme c\u2019est le cas pour certaines autres races.<\/p>\n<p data-start=\"715\" data-end=\"941\">En revanche, il existe des diff\u00e9rences visibles qui se sont popularis\u00e9es avec le temps, notamment sur internet et les r\u00e9seaux sociaux. Et pour bien comprendre la race, il est important de savoir d\u2019o\u00f9 viennent ces distinctions.<\/p>\n<p data-start=\"943\" data-end=\"992\">Elles reposent principalement sur deux \u00e9l\u00e9ments :<\/p>\n<ul data-start=\"994\" data-end=\"1102\">\n<li data-section-id=\"1w1o9px\" data-start=\"994\" data-end=\"1042\">la forme du museau et l\u2019expression du visage<\/li>\n<li data-section-id=\"ar5vpx\" data-start=\"1043\" data-end=\"1102\">le degr\u00e9 de s\u00e9lection esth\u00e9tique dans certaines lign\u00e9es<\/li>\n<\/ul>\n<p data-start=\"1104\" data-end=\"1296\">Et ce n\u2019est pas un simple d\u00e9tail. Chez le pom\u00e9ranien, o\u00f9 l\u2019apparence joue un r\u00f4le important, ces diff\u00e9rences peuvent influencer \u00e0 la fois la perception du chien\u2026 et parfois m\u00eame son \u00e9quilibre.<\/p>\n<h3 data-start=\"1313\" data-end=\"1343\"><strong data-start=\"1313\" data-end=\"1343\">Pom\u00e9ranien \u201cvisage renard\u201d<\/strong><\/h3>\n<p data-start=\"1345\" data-end=\"1437\">Le pom\u00e9ranien dit \u201cvisage renard\u201d est celui qui se rapproche le plus du standard de la race.<\/p>\n<p data-start=\"1439\" data-end=\"1679\">Son museau est plus allong\u00e9, ses proportions sont harmonieuses et son expression rappelle davantage celle des spitz d\u2019origine. Si on fait le lien avec l\u2019origine du pom\u00e9ranien, c\u2019est clairement ce type qui refl\u00e8te le mieux sa base g\u00e9n\u00e9tique.<\/p>\n<p data-start=\"1681\" data-end=\"1707\">On retrouve g\u00e9n\u00e9ralement :<\/p>\n<ul data-start=\"1709\" data-end=\"1830\">\n<li data-section-id=\"1hunot\" data-start=\"1709\" data-end=\"1766\">un museau bien d\u00e9fini, sans exc\u00e8s de raccourcissement<\/li>\n<li data-section-id=\"170g5oj\" data-start=\"1767\" data-end=\"1793\">des yeux proportionn\u00e9s<\/li>\n<li data-section-id=\"5qale4\" data-start=\"1794\" data-end=\"1830\">des traits plus fins et naturels<\/li>\n<\/ul>\n<p data-start=\"1832\" data-end=\"1973\">\n<p data-start=\"1832\" data-end=\"1973\">D\u2019un point de vue de l\u2019\u00e9levage, cette structure permet de pr\u00e9server un bon \u00e9quilibre global, aussi bien sur le plan physique que fonctionnel.<\/p>\n<h3 data-start=\"1990\" data-end=\"2020\"><strong data-start=\"1990\" data-end=\"2020\">Pom\u00e9ranien \u201cvisage poup\u00e9e\u201d<\/strong><\/h3>\n<p data-start=\"2022\" data-end=\"2184\">Le pom\u00e9ranien \u201cvisage poup\u00e9e\u201d se situe un peu entre les deux. Et, dans beaucoup de cas, c\u2019est l\u00e0 qu\u2019on trouve le meilleur compromis entre esth\u00e9tique et structure.\u00a0Le museau est l\u00e9g\u00e8rement plus court que chez le type renard, sans tomber dans l\u2019extr\u00eame. Le visage para\u00eet plus arrondi, l\u2019expression plus douce, presque \u201cattendrissante\u201d. C\u2019est d\u2019ailleurs l\u2019un des profils les plus recherch\u00e9s aujourd\u2019hui.<\/p>\n<p data-start=\"2425\" data-end=\"2609\">On voit ici tr\u00e8s clairement l\u2019\u00e9volution de la race vers un chien de compagnie : des traits plus doux, plus adapt\u00e9s \u00e0 la vie en int\u00e9rieur, tout en conservant une base encore \u00e9quilibr\u00e9e.<\/p>\n<h3 data-start=\"2626\" data-end=\"2654\"><strong data-start=\"2626\" data-end=\"2654\">Pom\u00e9ranien \u201cvisage ours\u201d<\/strong><\/h3>\n<p data-start=\"2656\" data-end=\"2766\">Le pom\u00e9ranien \u201cvisage ours\u201d est sans doute le plus populaire\u2026 et aussi celui qui g\u00e9n\u00e8re le plus de recherches.\u00a0Il se reconna\u00eet facilement par :<\/p>\n<ul data-start=\"2802\" data-end=\"2872\">\n<li data-section-id=\"96dxxn\" data-start=\"2802\" data-end=\"2826\">un museau tr\u00e8s court<\/li>\n<li data-section-id=\"1kc9adx\" data-start=\"2827\" data-end=\"2845\">de grands yeux<\/li>\n<li data-section-id=\"1kg8az0\" data-start=\"2846\" data-end=\"2872\">un visage tr\u00e8s arrondi<\/li>\n<\/ul>\n<p data-start=\"2874\" data-end=\"3009\">\n<p data-start=\"2874\" data-end=\"3009\">L\u2019ensemble donne cet aspect de \u201cpeluche\u201d que l\u2019on voit beaucoup sur les r\u00e9seaux. Et oui, c\u2019est vrai, visuellement, \u00e7a pla\u00eet \u00e9norm\u00e9ment.\u00a0Mais c\u2019est aussi l\u00e0 qu\u2019il faut prendre un peu de recul.\u00a0Quand ces caract\u00e9ristiques sont pouss\u00e9es trop loin, elles ne sont pas uniquement esth\u00e9tiques. Un museau excessivement raccourci peut avoir des cons\u00e9quences sur la respiration ou sur l\u2019\u00e9quilibre g\u00e9n\u00e9ral du chien.<\/p>\n<p data-start=\"3281\" data-end=\"3489\">C\u2019est pour cela qu\u2019en \u00e9levage de spitz nain en Espagne, on ne cherche pas \u00e0 reproduire un \u201ctype de visage\u201d \u00e0 tout prix. L\u2019objectif reste toujours le m\u00eame : un chien \u00e9quilibr\u00e9, en bonne sant\u00e9, avec une structure coh\u00e9rente.<\/p>\n<p data-start=\"154\" data-end=\"227\"><strong data-start=\"154\" data-end=\"227\">Lulu de Pom\u00e9ranie : pourquoi appelle-t-on aussi le pom\u00e9ranien ainsi ?<\/strong><\/p>\n<p data-start=\"229\" data-end=\"464\">Quand on d\u00e9couvre la race, il n\u2019est pas rare de tomber sur le terme <em data-start=\"297\" data-end=\"316\">lulu de Pom\u00e9ranie<\/em>. Et souvent, la premi\u00e8re r\u00e9action est de se dire qu\u2019il s\u2019agit d\u2019un chien diff\u00e9rent du pom\u00e9ranien\u2026 alors qu\u2019en r\u00e9alit\u00e9, on parle exactement du m\u00eame.<\/p>\n<p data-start=\"466\" data-end=\"715\">Le <strong data-start=\"469\" data-end=\"490\">lulu de Pom\u00e9ranie<\/strong> n\u2019est pas une autre race, ni une vari\u00e9t\u00e9 distincte. C\u2019est simplement une autre fa\u00e7on de d\u00e9signer le <strong data-start=\"591\" data-end=\"605\">pom\u00e9ranien<\/strong>, qui s\u2019est popularis\u00e9e avec le temps, notamment dans certains pays et dans des contextes plus \u201cgrand public\u201d.<\/p>\n<p data-start=\"717\" data-end=\"796\">Aujourd\u2019hui encore, beaucoup de recherches tournent autour de ce terme, comme :<\/p>\n<ul data-start=\"798\" data-end=\"886\">\n<li data-section-id=\"xvxbtm\" data-start=\"798\" data-end=\"825\">lulu de Pom\u00e9ranie chiot<\/li>\n<li data-section-id=\"xck7ti\" data-start=\"826\" data-end=\"855\">\u00e9levage de spitz nain en Espagne<\/li>\n<li data-section-id=\"i5sstl\" data-start=\"856\" data-end=\"886\">typesde Pom\u00e9ranie<\/li>\n<\/ul>\n<p data-start=\"888\" data-end=\"997\">\n<p data-start=\"888\" data-end=\"997\">Mais dans tous les cas, il s\u2019agit bien du <strong data-start=\"930\" data-end=\"948\">pom\u00e9ranien toy<\/strong>, ou plus largement du <strong data-start=\"971\" data-end=\"996\">spitz nain pom\u00e9ranien<\/strong>.<\/p>\n<h2 data-start=\"1014\" data-end=\"1050\"><strong data-start=\"1014\" data-end=\"1050\">Origine du nom lulu de Pom\u00e9ranie<\/strong><\/h2>\n<p data-start=\"1052\" data-end=\"1125\">Le terme <em data-start=\"1061\" data-end=\"1080\">lulu de Pom\u00e9ranie<\/em> a une origine plus culturelle que technique.\u00a0Il serait apparu comme une mani\u00e8re plus famili\u00e8re \u2014 presque affective \u2014 de d\u00e9signer les petits chiens de type spitz, \u00e0 partir du moment o\u00f9 ils ont commenc\u00e9 \u00e0 \u00eatre adopt\u00e9s comme chiens de compagnie.\u00a0Avec le temps, ce nom s\u2019est associ\u00e9 presque exclusivement au <strong data-start=\"1387\" data-end=\"1401\">pom\u00e9ranien<\/strong>, en particulier dans sa version la plus petite, le <strong data-start=\"1453\" data-end=\"1476\">pom\u00e9ranien mini toy<\/strong>.<\/p>\n<h3 data-start=\"1655\" data-end=\"1723\"><strong data-start=\"1655\" data-end=\"1723\">Diff\u00e9rence entre pom\u00e9ranien, spitz allemand et lulu de Pom\u00e9ranie<\/strong><\/h3>\n<p data-start=\"1725\" data-end=\"1808\">C\u2019est un point important, et franchement, c\u2019est l\u00e0 que beaucoup de gens se perdent.\u00a0Le <strong data-start=\"1813\" data-end=\"1827\">pom\u00e9ranien<\/strong> fait partie du <strong data-start=\"1843\" data-end=\"1861\">spitz allemand<\/strong>, qui regroupe plusieurs tailles au sein d\u2019une m\u00eame famille. Dans ce groupe, le <strong data-start=\"1941\" data-end=\"1955\">spitz nain<\/strong> correspond au plus petit gabarit\u2026 et c\u2019est pr\u00e9cis\u00e9ment ce que l\u2019on appelle le pom\u00e9ranien.<\/p>\n<p data-start=\"2047\" data-end=\"2080\">On peut donc r\u00e9sumer simplement :<\/p>\n<ul data-start=\"2082\" data-end=\"2224\">\n<li data-section-id=\"w4u3wv\" data-start=\"2082\" data-end=\"2112\">Spitz allemand \u2192 le groupe<\/li>\n<li data-section-id=\"wh70ro\" data-start=\"2113\" data-end=\"2164\">Spitz nain (pom\u00e9ranien) \u2192 la plus petite taille<\/li>\n<li data-section-id=\"h9vlv8\" data-start=\"2165\" data-end=\"2224\">Lulu de Pom\u00e9ranie \u2192 appellation populaire du pom\u00e9ranien<\/li>\n<\/ul>\n<p data-start=\"2226\" data-end=\"2350\">\n<p data-start=\"2226\" data-end=\"2350\">Autrement dit, on ne parle pas de races diff\u00e9rentes, mais de mani\u00e8res diff\u00e9rentes de nommer un m\u00eame chien selon le contexte.<\/p>\n<h3 data-start=\"2367\" data-end=\"2420\"><strong data-start=\"2367\" data-end=\"2420\">Pom\u00e9ranien Boo : d\u2019o\u00f9 vient ce nom si populaire ?<\/strong><\/h3>\n<p data-start=\"2422\" data-end=\"2628\">Si vous vous \u00eates d\u00e9j\u00e0 renseign\u00e9 sur la race, il y a de fortes chances que vous soyez tomb\u00e9 sur le terme <em data-start=\"2527\" data-end=\"2543\">pom\u00e9ranien Boo<\/em>. Et l\u00e0 encore, beaucoup pensent qu\u2019il s\u2019agit d\u2019un type de pom\u00e9ranien \u00e0 part enti\u00e8re. Mais non.\u00a0Le <strong data-start=\"2644\" data-end=\"2662\">pom\u00e9ranien Boo<\/strong> n\u2019est ni une vari\u00e9t\u00e9, ni une lign\u00e9e sp\u00e9cifique. \u00c0 vrai dire, tout part d\u2019un seul chien.<\/p>\n<h3 data-start=\"2767\" data-end=\"2796\"><strong data-start=\"2767\" data-end=\"2796\">Le c\u00e9l\u00e8bre pom\u00e9ranien Boo<\/strong><\/h3>\n<p data-start=\"2798\" data-end=\"2899\">Boo \u00e9tait un <strong data-start=\"2811\" data-end=\"2825\">pom\u00e9ranien<\/strong> devenu viral \u00e0 partir des ann\u00e9es 2010, notamment sur les r\u00e9seaux sociaux.\u00a0Ce qui a marqu\u00e9 les esprits, ce n\u2019est pas seulement sa race, mais surtout son apparence. Son pelage avait \u00e9t\u00e9 taill\u00e9 d\u2019une mani\u00e8re tr\u00e8s particuli\u00e8re, lui donnant un visage tr\u00e8s arrondi, de grands yeux et cet aspect de peluche qui a imm\u00e9diatement s\u00e9duit.<\/p>\n<p data-start=\"3156\" data-end=\"3273\">R\u00e9sultat : beaucoup ont cru qu\u2019il existait un \u201ctype Boo\u201d chez le <strong data-start=\"3221\" data-end=\"3239\">pom\u00e9ranien toy<\/strong>, alors que ce n\u2019\u00e9tait pas le cas.<\/p>\n<h3 data-start=\"3290\" data-end=\"3338\"><strong data-start=\"3290\" data-end=\"3338\">Pourquoi Boo n\u2019est pas un type de pom\u00e9ranien<\/strong><\/h3>\n<p data-start=\"3340\" data-end=\"3378\">C\u2019est important de le dire clairement.\u00a0Le <strong data-start=\"3383\" data-end=\"3401\">pom\u00e9ranien Boo<\/strong> :<\/p>\n<ul data-start=\"3405\" data-end=\"3529\">\n<li data-section-id=\"qc8wec\" data-start=\"3405\" data-end=\"3451\">ne correspond pas \u00e0 une vari\u00e9t\u00e9 officielle<\/li>\n<li data-section-id=\"1um9gz4\" data-start=\"3452\" data-end=\"3482\">ne d\u00e9finit pas un standard<\/li>\n<li data-section-id=\"1i491uy\" data-start=\"3483\" data-end=\"3529\">n\u2019est pas li\u00e9 \u00e0 une g\u00e9n\u00e9tique particuli\u00e8re<\/li>\n<\/ul>\n<p data-start=\"3531\" data-end=\"3611\">Il s\u2019agit simplement d\u2019un <strong data-start=\"3557\" data-end=\"3571\">pom\u00e9ranien<\/strong> avec un style de toilettage sp\u00e9cifique.\u00a0Et l\u00e0, petit point d\u2019exp\u00e9rience qui compte vraiment.\u00a0Le pom\u00e9ranien poss\u00e8de un pelage double, qui joue un r\u00f4le essentiel de protection. Une coupe trop courte ou mal adapt\u00e9e peut alt\u00e9rer la texture du poil, ralentir sa repousse, voire impacter sa fonction protectrice.<\/p>\n<p data-start=\"3882\" data-end=\"4052\">Donc oui, l\u2019effet \u201cBoo\u201d est visuellement tr\u00e8s attractif\u2026 mais dans la pratique, ce n\u2019est pas toujours ce qu\u2019il y a de plus adapt\u00e9 pour le bien-\u00eatre du chien \u00e0 long terme.<\/p>\n<p data-start=\"3882\" data-end=\"4052\"><img decoding=\"async\" class=\"alignnone wp-image-12188\" src=\"https:\/\/almenas.es\/wp-content\/uploads\/2023\/02\/comprar-cachorro-pomerania-1024x680.png\" alt=\"\u00e9levage pom\u00e9ranien\" width=\"1443\" height=\"958\" srcset=\"https:\/\/almenas.es\/wp-content\/uploads\/2023\/02\/comprar-cachorro-pomerania-1024x680.png 1024w, https:\/\/almenas.es\/wp-content\/uploads\/2023\/02\/comprar-cachorro-pomerania-300x199.png 300w, https:\/\/almenas.es\/wp-content\/uploads\/2023\/02\/comprar-cachorro-pomerania-768x510.png 768w, https:\/\/almenas.es\/wp-content\/uploads\/2023\/02\/comprar-cachorro-pomerania.png 1204w\" sizes=\"(max-width: 1443px) 100vw, 1443px\" \/><\/p>\n<h2 data-start=\"216\" data-end=\"278\"><strong data-start=\"216\" data-end=\"278\">Couleurs du pom\u00e9ranien : quelles sont les plus courantes ?<\/strong><\/h2>\n<p data-start=\"280\" data-end=\"489\">Le <strong data-start=\"283\" data-end=\"301\">pom\u00e9ranien toy<\/strong> fait partie des races qui pr\u00e9sentent le plus de diversit\u00e9 de couleurs. Et ce n\u2019est pas un d\u00e9tail : on reconna\u00eet aujourd\u2019hui plus d\u2019une vingtaine de teintes et de combinaisons diff\u00e9rentes.<\/p>\n<p data-start=\"491\" data-end=\"756\">Cette vari\u00e9t\u00e9 s\u2019explique directement par la g\u00e9n\u00e9tique. Le pelage d\u2019un <strong data-start=\"561\" data-end=\"575\">pom\u00e9ranien<\/strong> d\u00e9pend de la combinaison de g\u00e8nes h\u00e9rit\u00e9e de ses parents, ce qui influence non seulement la couleur de base, mais aussi les nuances, les d\u00e9grad\u00e9s ou certains motifs plus complexes.<\/p>\n<p data-start=\"758\" data-end=\"806\">Mais il y a un point important \u00e0 garder en t\u00eate.<\/p>\n<p data-start=\"808\" data-end=\"982\">M\u00eame si la couleur attire souvent l\u2019attention \u2014 et c\u2019est normal \u2014 elle n\u2019a aucune influence sur le caract\u00e8re ni sur la qualit\u00e9 du chien. C\u2019est un crit\u00e8re purement esth\u00e9tique.<\/p>\n<h3 data-start=\"999\" data-end=\"1050\"><strong data-start=\"999\" data-end=\"1050\">Pom\u00e9ranien toy orange : la couleur embl\u00e9matique<\/strong><\/h3>\n<p data-start=\"1052\" data-end=\"1161\">Quand on pense au <strong data-start=\"1070\" data-end=\"1084\">pom\u00e9ranien<\/strong>, on imagine tr\u00e8s souvent un chien orange ou roux. Et ce n\u2019est pas un hasard.\u00a0C\u2019est la couleur la plus r\u00e9pandue et celle qui repr\u00e9sente le mieux la race.\u00a0 Ce qui est int\u00e9ressant, c\u2019est que la couleur d\u00e9finitive n\u2019appara\u00eet pas toujours d\u00e8s la naissance. Beaucoup de chiots naissent avec des tons plus ternes, parfois gris\u00e2tres, qui \u00e9voluent progressivement vers un orange plus intense avec le temps.<\/p>\n<p data-start=\"1485\" data-end=\"1585\">Autrement dit, chez le <strong data-start=\"1508\" data-end=\"1526\">pom\u00e9ranien toy<\/strong>, la couleur d\u2019un chiot n\u2019est pas toujours fig\u00e9e au d\u00e9part.<\/p>\n<h3 data-start=\"1602\" data-end=\"1637\"><strong data-start=\"1602\" data-end=\"1637\">Pom\u00e9ranien blanc, noir et cr\u00e8me<\/strong><\/h3>\n<p data-start=\"1639\" data-end=\"1752\">Parmi les couleurs unies, certaines restent particuli\u00e8rement appr\u00e9ci\u00e9es pour leur stabilit\u00e9 et leur rendu visuel.<\/p>\n<ul data-start=\"1754\" data-end=\"2158\">\n<li data-section-id=\"q7byjf\" data-start=\"1754\" data-end=\"1895\">Le <strong data-start=\"1759\" data-end=\"1779\">pom\u00e9ranien blanc<\/strong> offre un aspect tr\u00e8s propre et lumineux, m\u00eame s\u2019il demande un peu plus d\u2019entretien, notamment au niveau des yeux.<\/li>\n<li data-section-id=\"9kwrsg\" data-start=\"1896\" data-end=\"2032\">Le <strong data-start=\"1901\" data-end=\"1920\">pom\u00e9ranien noir<\/strong> est l\u2019un des plus stables dans le temps : sa couleur \u00e9volue peu et conserve g\u00e9n\u00e9ralement une belle intensit\u00e9.<\/li>\n<li data-section-id=\"b7uw9j\" data-start=\"2033\" data-end=\"2158\">Le <strong data-start=\"2038\" data-end=\"2058\">pom\u00e9ranien cr\u00e8me<\/strong> se situe entre les deux, avec des nuances douces qui vont du presque blanc \u00e0 un beige plus chaud.<\/li>\n<\/ul>\n<p data-start=\"2160\" data-end=\"2240\">Ces couleurs sont souvent recherch\u00e9es pour leur uniformit\u00e9 et leur c\u00f4t\u00e9 \u00e9l\u00e9gant.<\/p>\n<h3 data-start=\"2257\" data-end=\"2300\"><strong data-start=\"2257\" data-end=\"2300\">Pom\u00e9ranien merle et couleurs plus rares<\/strong><\/h3>\n<p data-start=\"2302\" data-end=\"2468\">Au-del\u00e0 des teintes classiques, on trouve des couleurs et motifs moins fr\u00e9quents, qui suscitent souvent des questions. C\u2019est notamment le cas du <strong data-start=\"2447\" data-end=\"2467\">pom\u00e9ranien merle<\/strong>.\u00a0Le merle n\u2019est pas une couleur \u00e0 proprement parler, mais un motif qui cr\u00e9e un effet marbr\u00e9, avec des zones claires et fonc\u00e9es.\u00a0Visuellement, c\u2019est tr\u00e8s original\u2026 mais \u00e7a demande aussi une vraie ma\u00eetrise en \u00e9levage.<\/p>\n<p data-start=\"2687\" data-end=\"2867\">Pourquoi ? Parce que ce g\u00e8ne est associ\u00e9 \u00e0 certaines particularit\u00e9s g\u00e9n\u00e9tiques, et lorsqu\u2019il est mal g\u00e9r\u00e9, il peut \u00eatre li\u00e9 \u00e0 des probl\u00e8mes de sant\u00e9, notamment auditifs ou visuels.\u00a0En parall\u00e8le, on retrouve d\u2019autres couleurs plus rares comme :<\/p>\n<ul data-start=\"2933\" data-end=\"3050\">\n<li data-section-id=\"je42ky\" data-start=\"2933\" data-end=\"2958\">le bleu (gris bleut\u00e9)<\/li>\n<li data-section-id=\"o5zlww\" data-start=\"2959\" data-end=\"2974\">le chocolat<\/li>\n<li data-section-id=\"18123e9\" data-start=\"2975\" data-end=\"3018\">le sable (avec extr\u00e9mit\u00e9s plus fonc\u00e9es)<\/li>\n<li data-section-id=\"1elduy2\" data-start=\"3019\" data-end=\"3050\">le particolore ou tricolore<\/li>\n<\/ul>\n<p data-start=\"3052\" data-end=\"3181\">Toutes ces variations font partie de la richesse du <strong data-start=\"3104\" data-end=\"3118\">pom\u00e9ranien<\/strong>, mais elles ne sont pas toutes aussi r\u00e9pandues ni recherch\u00e9es.<\/p>\n<h3 data-start=\"3198\" data-end=\"3231\"><strong data-start=\"3198\" data-end=\"3231\">Un d\u00e9tail souvent sous-estim\u00e9<\/strong><\/h3>\n<p data-start=\"3233\" data-end=\"3310\">Il y a quelque chose que l\u2019on explique rarement, et pourtant, \u00e7a change tout.\u00a0Chez le <strong data-start=\"3320\" data-end=\"3334\">pom\u00e9ranien<\/strong>, le pelage \u00e9volue beaucoup durant la croissance. La couleur adulte ne se stabilise g\u00e9n\u00e9ralement qu\u2019autour de la premi\u00e8re ann\u00e9e, parfois m\u00eame un peu plus tard.<\/p>\n<p data-start=\"3495\" data-end=\"3612\">Donc choisir un chiot uniquement sur sa couleur peut \u00eatre trompeur\u2026 si on ne conna\u00eet pas bien l\u2019\u00e9volution de la race.<\/p>\n<h2 data-start=\"3629\" data-end=\"3692\"><strong data-start=\"3629\" data-end=\"3692\">Prix du pom\u00e9ranien toy : ce qui fait vraiment la diff\u00e9rence<\/strong><\/h2>\n<p data-start=\"3694\" data-end=\"3845\">Quand on cherche \u201c<strong data-start=\"3712\" data-end=\"3735\">prix pom\u00e9ranien toy<\/strong>\u201d, on tombe souvent sur des \u00e9carts assez importants. Et c\u2019est l\u00e0 que beaucoup de gens se posent des questions.\u00a0Pourquoi un <strong data-start=\"3859\" data-end=\"3882\">pom\u00e9ranien mini toy<\/strong> peut-il co\u00fbter beaucoup plus cher qu\u2019un autre ?\u00a0La r\u00e9ponse est simple\u2026 mais pas toujours visible au premier regard.<\/p>\n<h3 data-start=\"4016\" data-end=\"4051\"><strong data-start=\"4016\" data-end=\"4051\">G\u00e9n\u00e9tique, s\u00e9lection et lign\u00e9es<\/strong><\/h3>\n<p data-start=\"4053\" data-end=\"4125\">Le premier facteur, et sans doute le plus important, c\u2019est la g\u00e9n\u00e9tique.\u00a0Un <strong data-start=\"4130\" data-end=\"4144\">pom\u00e9ranien<\/strong> issu de bonnes lign\u00e9es ne se distingue pas uniquement par son apparence. Il b\u00e9n\u00e9ficie aussi d\u2019une base plus solide sur plusieurs points :<\/p>\n<ul data-start=\"4284\" data-end=\"4427\">\n<li data-section-id=\"1x9217g\" data-start=\"4284\" data-end=\"4309\">la structure du corps<\/li>\n<li data-section-id=\"1cnoyz7\" data-start=\"4310\" data-end=\"4334\">la qualit\u00e9 du pelage<\/li>\n<li data-section-id=\"1i21n2d\" data-start=\"4335\" data-end=\"4366\">la stabilit\u00e9 du temp\u00e9rament<\/li>\n<li data-section-id=\"8ifsfd\" data-start=\"4367\" data-end=\"4427\">une moindre pr\u00e9disposition \u00e0 certains probl\u00e8mes de sant\u00e9<\/li>\n<\/ul>\n<p data-start=\"4429\" data-end=\"4535\">Ce travail de s\u00e9lection ne se voit pas imm\u00e9diatement\u2026 mais il fait une vraie diff\u00e9rence sur le long terme.\u00a0Dans un <strong data-start=\"4545\" data-end=\"4581\">\u00e9levage de spitz nain en Espagne<\/strong> qui travaille s\u00e9rieusement, les reproductions ne sont jamais faites au hasard. Les parents sont choisis avec soin pour pr\u00e9server l\u2019\u00e9quilibre de la race, g\u00e9n\u00e9ration apr\u00e8s g\u00e9n\u00e9ration.<\/p>\n<h3 data-start=\"4780\" data-end=\"4834\"><strong data-start=\"4780\" data-end=\"4834\">\u00c9levage professionnel vs reproduction non encadr\u00e9e<\/strong><\/h3>\n<p data-start=\"4836\" data-end=\"4868\">Et l\u00e0, on touche \u00e0 un point cl\u00e9. Un \u00e9levage professionnel ne se limite pas \u00e0 faire na\u00eetre des chiots. Il accompagne tout le processus :<\/p>\n<ul data-start=\"4974\" data-end=\"5080\">\n<li data-section-id=\"ml3kq8\" data-start=\"4974\" data-end=\"4995\">suivi v\u00e9t\u00e9rinaire<\/li>\n<li data-section-id=\"1xrtr75\" data-start=\"4996\" data-end=\"5028\">observation du d\u00e9veloppement<\/li>\n<li data-section-id=\"usa39\" data-start=\"5029\" data-end=\"5054\">socialisation pr\u00e9coce<\/li>\n<li data-section-id=\"1mxzomr\" data-start=\"5055\" data-end=\"5080\">conseils aux familles<\/li>\n<\/ul>\n<p data-start=\"5082\" data-end=\"5169\">\u00c0 l\u2019inverse, dans une reproduction non encadr\u00e9e, beaucoup de ces \u00e9l\u00e9ments sont absents. Et forc\u00e9ment, \u00e7a a des cons\u00e9quences. Un chiot qui n\u2019a pas b\u00e9n\u00e9fici\u00e9 de ce travail peut rencontrer plus de difficult\u00e9s d\u2019adaptation, voire d\u00e9velopper certains troubles comportementaux ou de sant\u00e9.<\/p>\n<h3 data-start=\"5383\" data-end=\"5427\"><strong data-start=\"5383\" data-end=\"5427\">Ce qu\u2019il y a r\u00e9ellement derri\u00e8re le prix<\/strong><\/h3>\n<p data-start=\"5429\" data-end=\"5522\">Au fond, la vraie question n\u2019est pas seulement \u201ccombien co\u00fbte un pom\u00e9ranien ?\u201d, mais plut\u00f4t : qu\u2019est-ce que vous payez r\u00e9ellement ? Parce que derri\u00e8re le prix d\u2019un <strong data-start=\"5598\" data-end=\"5616\">pom\u00e9ranien toy<\/strong>, il y a :<\/p>\n<ul data-start=\"5628\" data-end=\"5757\">\n<li data-section-id=\"bixpfn\" data-start=\"5628\" data-end=\"5659\">ses conditions de naissance<\/li>\n<li data-section-id=\"kfcwzi\" data-start=\"5660\" data-end=\"5689\">la qualit\u00e9 de son \u00e9levage<\/li>\n<li data-section-id=\"11su67p\" data-start=\"5690\" data-end=\"5717\">son \u00e9quilibre de d\u00e9part<\/li>\n<li data-section-id=\"1cy3l0o\" data-start=\"5718\" data-end=\"5757\">et tout le travail r\u00e9alis\u00e9 en amont<\/li>\n<\/ul>\n<p data-start=\"5759\" data-end=\"5827\">Et dans une race comme le <strong data-start=\"5785\" data-end=\"5799\">pom\u00e9ranien<\/strong>, \u00e7a change absolument tout.<\/p>\n<h3 data-start=\"5844\" data-end=\"5889\"><strong data-start=\"5844\" data-end=\"5889\">Une mani\u00e8re diff\u00e9rente de voir les choses<\/strong><\/h3>\n<p data-start=\"5891\" data-end=\"5948\">C\u2019est normal de comparer les prix. Tout le monde le fait.\u00a0Mais dans ce cas pr\u00e9cis, il faut parfois prendre un peu de recul.\u00a0Un prix plus bas peut sembler int\u00e9ressant sur le moment\u2026 mais si la base n\u2019est pas bonne, les complications peuvent appara\u00eetre plus tard.<\/p>\n<p data-start=\"6156\" data-end=\"6260\">\u00c0 l\u2019inverse, un chiot bien \u00e9lev\u00e9, bien socialis\u00e9 et issu d\u2019un bon environnement se traduit souvent par :<\/p>\n<ul data-start=\"6262\" data-end=\"6341\">\n<li data-section-id=\"1hzmcy5\" data-start=\"6262\" data-end=\"6290\">une meilleure adaptation<\/li>\n<li data-section-id=\"ir9vn3\" data-start=\"6291\" data-end=\"6313\">moins de probl\u00e8mes<\/li>\n<li data-section-id=\"1dnr2u0\" data-start=\"6314\" data-end=\"6341\">un chien plus \u00e9quilibr\u00e9<\/li>\n<\/ul>\n<p data-start=\"6343\" data-end=\"6393\">Et \u00e7a, avec le temps, \u00e7a n\u2019a pas vraiment de prix.<\/p>\n<h2 data-start=\"198\" data-end=\"280\"><strong data-start=\"198\" data-end=\"280\">Choisir un \u00e9levage de spitz nain en Espagne : un point cl\u00e9 pour bien commencer<\/strong><\/h2>\n<p data-start=\"282\" data-end=\"444\">Quand on envisage d\u2019accueillir un <strong data-start=\"316\" data-end=\"339\">pom\u00e9ranien mini toy<\/strong>, on pense souvent d\u2019abord \u00e0 son apparence : la taille, la couleur, le type de pom\u00e9ranien\u2026 voire le prix.\u00a0Mais avec le temps, on se rend compte d\u2019une chose essentielle : ce qui compte vraiment, c\u2019est d\u2019o\u00f9 vient le chiot.\u00a0Et l\u00e0, le choix d\u2019un <strong data-start=\"583\" data-end=\"619\">\u00e9levage de spitz nain en Espagne<\/strong> fait toute la diff\u00e9rence.<\/p>\n<h3 data-start=\"662\" data-end=\"724\"><strong data-start=\"662\" data-end=\"724\">Pourquoi l\u2019origine du pom\u00e9ranien compte autant aujourd\u2019hui<\/strong><\/h3>\n<p data-start=\"726\" data-end=\"921\">Comprendre l\u2019<strong data-start=\"739\" data-end=\"764\">origine du pom\u00e9ranien<\/strong>, ce n\u2019est pas seulement revenir sur son histoire. C\u2019est aussi comprendre comment il a \u00e9t\u00e9 s\u00e9lectionn\u00e9, et ce qui influence encore aujourd\u2019hui son \u00e9quilibre.\u00a0Un chiot issu d\u2019un \u00e9levage s\u00e9rieux ne repose pas uniquement sur une apparence. Derri\u00e8re, il y a un vrai travail :<\/p>\n<ul data-start=\"1038\" data-end=\"1160\">\n<li data-section-id=\"1e0lpyz\" data-start=\"1038\" data-end=\"1069\">s\u00e9lection des reproducteurs<\/li>\n<li data-section-id=\"ml3kq8\" data-start=\"1070\" data-end=\"1091\">suivi v\u00e9t\u00e9rinaire<\/li>\n<li data-section-id=\"17lkh7h\" data-start=\"1092\" data-end=\"1129\">respect du d\u00e9veloppement du chiot<\/li>\n<li data-section-id=\"17rowsr\" data-start=\"1130\" data-end=\"1160\">coh\u00e9rence dans les lign\u00e9es<\/li>\n<\/ul>\n<p data-start=\"1162\" data-end=\"1389\">Dans un bon <strong data-start=\"1174\" data-end=\"1210\">\u00e9levage de spitz nain en Espagne<\/strong>, rien n\u2019est laiss\u00e9 au hasard. L\u2019objectif n\u2019est pas simplement de proposer des <strong data-start=\"1289\" data-end=\"1308\">pom\u00e9raniens toy<\/strong>, mais de garantir des chiens \u00e9quilibr\u00e9s, bien dans leur t\u00eate et dans leur corps.<\/p>\n<h3 data-start=\"1406\" data-end=\"1465\"><strong data-start=\"1406\" data-end=\"1465\">L\u2019importance de la socialisation chez le pom\u00e9ranien toy<\/strong><\/h3>\n<p data-start=\"1467\" data-end=\"1527\">C\u2019est un point souvent sous-estim\u00e9, et pourtant fondamental.\u00a0Les premi\u00e8res semaines de vie d\u2019un <strong data-start=\"1564\" data-end=\"1582\">pom\u00e9ranien toy<\/strong> sont d\u00e9terminantes. C\u2019est \u00e0 ce moment-l\u00e0 qu\u2019il d\u00e9couvre son environnement : les bruits, les humains, les interactions du quotidien.<\/p>\n<p data-start=\"1716\" data-end=\"1757\">Un chiot bien socialis\u00e9 aura tendance \u00e0 :<\/p>\n<ul data-start=\"1759\" data-end=\"1933\">\n<li data-section-id=\"lph7fi\" data-start=\"1759\" data-end=\"1815\">s\u2019adapter plus facilement \u00e0 son nouvel environnement<\/li>\n<li data-section-id=\"1u4x0n8\" data-start=\"1816\" data-end=\"1860\">\u00eatre plus \u00e0 l\u2019aise dans ses interactions<\/li>\n<li data-section-id=\"10sw0ow\" data-start=\"1861\" data-end=\"1890\">apprendre plus rapidement<\/li>\n<li data-section-id=\"1ebmxb5\" data-start=\"1891\" data-end=\"1933\">d\u00e9velopper un comportement plus stable<\/li>\n<\/ul>\n<p data-start=\"1935\" data-end=\"2035\">Et \u00e7a, aucune fiche de vente ne peut vraiment le montrer. Mais \u00e7a se ressent d\u00e8s les premiers jours.<\/p>\n<h3 data-start=\"2052\" data-end=\"2097\"><strong data-start=\"2052\" data-end=\"2097\">Notre approche de l\u2019\u00e9levage de pom\u00e9ranien<\/strong><\/h3>\n<p data-start=\"2099\" data-end=\"2225\">Chez <strong data-start=\"2104\" data-end=\"2119\">Las Almenas<\/strong>, nous travaillons avec une vision claire de ce que doit \u00eatre un bon <strong data-start=\"2188\" data-end=\"2224\">\u00e9levage de spitz nain en Espagne<\/strong>.\u00a0Nous \u00e9levons des <strong data-start=\"2244\" data-end=\"2263\">pom\u00e9raniens toy<\/strong> et <strong data-start=\"2267\" data-end=\"2291\">pom\u00e9raniens mini toy<\/strong> dans un environnement familial, avec un suivi constant et une attention particuli\u00e8re port\u00e9e \u00e0 leur d\u00e9veloppement.\u00a0Les chiots grandissent dans un cadre calme, avec des stimulations adapt\u00e9es, un contact quotidien et sans stress inutile. L\u2019objectif est simple : qu\u2019ils arrivent dans leur nouvelle famille avec une base solide.<\/p>\n<p data-start=\"2618\" data-end=\"2764\">Parce qu\u2019au fond, choisir un <strong data-start=\"2647\" data-end=\"2661\">pom\u00e9ranien<\/strong>, ce n\u2019est pas seulement choisir un chien. C\u2019est choisir un compagnon de vie pour de nombreuses ann\u00e9es.<\/p>\n<p data-start=\"2618\" data-end=\"2764\"><img decoding=\"async\" class=\"alignnone wp-image-9821\" src=\"https:\/\/almenas.es\/wp-content\/uploads\/2022\/07\/comprar_pomerania_en_criadero.png\" alt=\"o\u00f9 acheter un pom\u00e9ranien\" width=\"1503\" height=\"1003\" srcset=\"https:\/\/almenas.es\/wp-content\/uploads\/2022\/07\/comprar_pomerania_en_criadero.png 800w, https:\/\/almenas.es\/wp-content\/uploads\/2022\/07\/comprar_pomerania_en_criadero-300x200.png 300w, https:\/\/almenas.es\/wp-content\/uploads\/2022\/07\/comprar_pomerania_en_criadero-768x513.png 768w\" sizes=\"(max-width: 1503px) 100vw, 1503px\" \/><\/p>\n<h3 data-start=\"2781\" data-end=\"2835\"><strong data-start=\"2781\" data-end=\"2835\">Et si votre futur pom\u00e9ranien vous attendait d\u00e9j\u00e0 ?<\/strong><\/h3>\n<p data-start=\"2837\" data-end=\"3000\">Vous envisagez d\u2019accueillir un <strong data-start=\"2868\" data-end=\"2886\">pom\u00e9ranien toy<\/strong> dans votre quotidien ? Vous cherchez un chien affectueux, expressif et facile \u00e0 int\u00e9grer dans votre mode de vie ?\u00a0Alors le mieux reste encore de prendre le temps de bien vous informer.<\/p>\n<ul>\n<li data-start=\"3074\" data-end=\"3189\">D\u00e9couvrez notre fiche compl\u00e8te sur le<a href=\"https:\/\/almenas.es\/fr\/pomeranie\/\"> <strong data-start=\"3115\" data-end=\"3133\">pom\u00e9ranien toy<\/strong><\/a><\/li>\n<li data-start=\"3074\" data-end=\"3189\">\u00a0<a href=\"https:\/\/almenas.es\/fr\/contactez\/\">Contactez-nous<\/a> directement via notre page d\u00e9di\u00e9e<\/li>\n<\/ul>\n<p data-start=\"3191\" data-end=\"3332\">Nous serons ravis de vous accompagner dans votre d\u00e9marche et de vous aider \u00e0 trouver le <strong data-start=\"3279\" data-end=\"3302\">pom\u00e9ranien mini toy<\/strong> qui vous correspond vraiment.<\/p>\n<p data-start=\"3191\" data-end=\"3332\">Petit rappel : vous pouvez \u00e9galement nous suivre sur nos r\u00e9seaux sociaux (<strong><a href=\"https:\/\/www.facebook.com\/centrocaninolasalmenas\" target=\"_blank\" rel=\"noopener nofollow\">Facebook<\/a>,\u00a0<a href=\"https:\/\/www.instagram.com\/lasalmenascentrocanin\/\" target=\"_blank\" rel=\"noopener nofollow\">Instagram,\u00a0<\/a><a href=\"https:\/\/www.youtube.com\/channel\/UCkKwJ0qL3-QevapFdcV8HaA\" target=\"_blank\" rel=\"noopener nofollow\">YouTube<\/a> ou\u00a0<a href=\"https:\/\/www.tiktok.com\/@centrolasalmenas\" target=\"_blank\" rel=\"noopener nofollow\">TikTok<\/a><\/strong>), o\u00f9 nous partageons r\u00e9guli\u00e8rement des conseils, des vid\u00e9os de nos chiots et le quotidien de notre \u00e9levage de <strong data-start=\"3565\" data-end=\"3580\">pom\u00e9raniens<\/strong>.<\/p>\n<p data-start=\"3607\" data-end=\"3706\">Au final, derri\u00e8re le <strong data-start=\"3629\" data-end=\"3647\">pom\u00e9ranien toy<\/strong>, il y a bien plus qu\u2019un petit chien \u00e0 l\u2019allure attachante.\u00a0Il y a une histoire, une \u00e9volution, des <strong data-start=\"3748\" data-end=\"3771\">types de pom\u00e9ranien<\/strong>, une grande diversit\u00e9 de couleurs\u2026 mais surtout une base qui remonte \u00e0 des chiens robustes et pleins de caract\u00e8re.\u00a0Comprendre l\u2019<strong data-start=\"3901\" data-end=\"3926\">origine du pom\u00e9ranien<\/strong>, c\u2019est aussi mieux comprendre le chien que l\u2019on accueille.<\/p>\n<p data-start=\"3987\" data-end=\"4148\">Et faire le choix d\u2019un bon <strong data-start=\"4014\" data-end=\"4050\">\u00e9levage de spitz nain en Espagne<\/strong>, c\u2019est poser les bases d\u2019une relation \u00e9quilibr\u00e9e, durable\u2026 et franchement, beaucoup plus sereine.<\/p>\n<h3 data-section-id=\"1uyjdo0\" data-start=\"4155\" data-end=\"4174\">\u00c0 lire aussi<\/h3>\n<p data-start=\"4176\" data-end=\"4315\">\ud83d\udd17 <a href=\"https:\/\/almenas.es\/que-es-un-perro-toy-razas-precios-cuidados\/\">Qu\u2019est-ce qu\u2019un chien toy et pourquoi sont-ils de plus en plus populaires ?<\/a><br data-start=\"4254\" data-end=\"4257\" \/>\ud83d\udd17 <a href=\"https:\/\/almenas.es\/fr\/chiens-toy-pour-appartement-top-5-races\/\">Top 5 des races toy id\u00e9ales pour vivre en appartementp<\/a><\/p>\n<div class=\"autor-bloque\" style=\"background: #fff6f6; border: 1px solid #f1d6d6; border-radius: 12px; padding: 20px; margin-top: 30px;\">\n<h3 style=\"color: #b32626; font-size: 1.2em; margin-bottom: 10px;\">\u00c0 propos de Las Almenas<\/h3>\n<p><strong>Las Almenas<\/strong> est un <strong>\u00e9levage familial sp\u00e9cialis\u00e9 dans les races mini et toy<\/strong> avec plus de dix ans d\u2019exp\u00e9rience dans l\u2019\u00e9levage responsable et la socialisation pr\u00e9coce des chiots. Notre travail repose sur une collaboration \u00e9troite avec des professionnels v\u00e9t\u00e9rinaires et sur une priorit\u00e9 constante : le <strong>bien-\u00eatre, la sant\u00e9 et l\u2019\u00e9quilibre \u00e9motionnel<\/strong> de chaque chiot avant son d\u00e9part dans sa nouvelle famille.<\/p>\n<p>Tous les contenus de notre blog sont r\u00e9dig\u00e9s et relus par <strong>l\u2019\u00e9quipe technique de Las Almenas<\/strong>, avec l\u2019appui de professionnels du secteur v\u00e9t\u00e9rinaire et notre exp\u00e9rience directe d\u2019\u00e9leveurs. Nous partageons des informations pratiques, actualis\u00e9es et bas\u00e9es sur l\u2019observation quotidienne de nos chiens afin d\u2019aider les familles \u00e0 mieux comprendre et accompagner leur futur compagnon.<\/p>\n<p style=\"margin-top: 10px;\"><em>Autoris\u00e9 par le noyau zoologique N\u00ba 330240006016 \u2013 Asturies, Espagne.<\/em><\/p>\n<\/div>\n","protected":false},"excerpt":{"rendered":"<p>Le pom\u00e9ranien, aussi appel\u00e9 lulu de Pom\u00e9ranie, fait aujourd\u2019hui partie des petits chiens les plus populaires. Pourtant, son histoire commence bien loin de l\u2019image que l\u2019on en a aujourd\u2019hui. Derri\u00e8re sa petite taille et son allure de peluche se cache une race \u00e0 l\u2019origine beaucoup plus robuste, directement li\u00e9e aux anciens chiens de type spitz [&hellip;]<\/p>\n","protected":false},"author":12,"featured_media":24237,"comment_status":"closed","ping_status":"closed","sticky":false,"template":"","format":"standard","meta":{"footnotes":""},"categories":[3120],"tags":[],"class_list":["post-24236","post","type-post","status-publish","format-standard","has-post-thumbnail","hentry","category-races"],"_links":{"self":[{"href":"https:\/\/almenas.es\/fr\/wp-json\/wp\/v2\/posts\/24236","targetHints":{"allow":["GET"]}}],"collection":[{"href":"https:\/\/almenas.es\/fr\/wp-json\/wp\/v2\/posts"}],"about":[{"href":"https:\/\/almenas.es\/fr\/wp-json\/wp\/v2\/types\/post"}],"author":[{"embeddable":true,"href":"https:\/\/almenas.es\/fr\/wp-json\/wp\/v2\/users\/12"}],"replies":[{"embeddable":true,"href":"https:\/\/almenas.es\/fr\/wp-json\/wp\/v2\/comments?post=24236"}],"version-history":[{"count":2,"href":"https:\/\/almenas.es\/fr\/wp-json\/wp\/v2\/posts\/24236\/revisions"}],"predecessor-version":[{"id":24241,"href":"https:\/\/almenas.es\/fr\/wp-json\/wp\/v2\/posts\/24236\/revisions\/24241"}],"wp:featuredmedia":[{"embeddable":true,"href":"https:\/\/almenas.es\/fr\/wp-json\/wp\/v2\/media\/24237"}],"wp:attachment":[{"href":"https:\/\/almenas.es\/fr\/wp-json\/wp\/v2\/media?parent=24236"}],"wp:term":[{"taxonomy":"category","embeddable":true,"href":"https:\/\/almenas.es\/fr\/wp-json\/wp\/v2\/categories?post=24236"},{"taxonomy":"post_tag","embeddable":true,"href":"https:\/\/almenas.es\/fr\/wp-json\/wp\/v2\/tags?post=24236"}],"curies":[{"name":"wp","href":"https:\/\/api.w.org\/{rel}","templated":true}]}}