{"id":15010,"date":"2025-05-04T21:00:35","date_gmt":"2025-05-04T19:00:35","guid":{"rendered":"https:\/\/almenas.es\/?p=15010"},"modified":"2025-05-05T09:30:40","modified_gmt":"2025-05-05T07:30:40","slug":"teckel-arlequin-nain-guide-complet","status":"publish","type":"post","link":"https:\/\/almenas.es\/fr\/teckel-arlequin-nain-guide-complet\/","title":{"rendered":"Teckel Arlequin Nain en France: Guide Complet 2025"},"content":{"rendered":"<p class=\"\" data-start=\"467\" data-end=\"779\">Tu cherches un compagnon petit par la taille, mais immense par la personnalit\u00e9 ? Le <strong data-start=\"554\" data-end=\"578\">teckel arlequin nain<\/strong> (ou \u00ab teckel merle \u00bb, pour les intimes) a tout pour te faire craquer : une bouille unique avec ses petites taches, un regard malin souvent clair\u2026 et un caract\u00e8re bien tremp\u00e9 dans un corps de saucisse.<\/p>\n<p class=\"\" data-start=\"781\" data-end=\"1057\">Cette vari\u00e9t\u00e9 ultra originale du c\u00e9l\u00e8bre chien saucisse fait fondre de plus en plus de familles en France. Et on les comprend : entre son format mini, son \u00e9nergie joyeuse et sa fid\u00e9lit\u00e9 sans faille, <strong data-start=\"980\" data-end=\"1007\">le teckel arlequin nain<\/strong> a vraiment tout d\u2019un grand\u2026 en version miniature.<\/p>\n<p class=\"\" data-start=\"1059\" data-end=\"1363\">Dans cet article, on te dit tout ce que tu dois savoir avant d\u2019en adopter un : son origine, son apparence si particuli\u00e8re (merci le g\u00e8ne merle !), son temp\u00e9rament, les soins \u00e0 lui apporter, et les points de vigilance \u00e0 ne pas n\u00e9gliger. Bref, <strong data-start=\"1301\" data-end=\"1362\">un guide complet pour tomber amoureux en toute conscience<\/strong>.<\/p>\n<p data-start=\"1365\" data-end=\"1434\"><img fetchpriority=\"high\" decoding=\"async\" class=\"alignnone size-full wp-image-15027\" src=\"https:\/\/almenas.es\/wp-content\/uploads\/2025\/05\/teckel-arlequin-nan.png\" alt=\"teckel arlequin nan\" width=\"1024\" height=\"1024\" srcset=\"https:\/\/almenas.es\/wp-content\/uploads\/2025\/05\/teckel-arlequin-nan.png 1024w, https:\/\/almenas.es\/wp-content\/uploads\/2025\/05\/teckel-arlequin-nan-300x300.png 300w, https:\/\/almenas.es\/wp-content\/uploads\/2025\/05\/teckel-arlequin-nan-150x150.png 150w, https:\/\/almenas.es\/wp-content\/uploads\/2025\/05\/teckel-arlequin-nan-768x768.png 768w\" sizes=\"(max-width: 1024px) 100vw, 1024px\" \/><\/p>\n<p class=\"\" data-start=\"1365\" data-end=\"1434\">\ud83d\udc49 Pr\u00eat\u00b7e \u00e0 d\u00e9couvrir ce petit chien haut en couleurs ? C\u2019est parti !<\/p>\n<h2><strong>Qu\u2019est-ce qu\u2019un teckel arlequin nain ?<\/strong><\/h2>\n<p class=\"\" data-start=\"336\" data-end=\"584\">Le <strong data-start=\"339\" data-end=\"363\">teckel arlequin nain<\/strong>, aussi appel\u00e9 <em data-start=\"378\" data-end=\"392\">teckel merle<\/em>, est une vari\u00e9t\u00e9 tr\u00e8s particuli\u00e8re du c\u00e9l\u00e8bre chien saucisse. Ce qui le rend si unique ? Son pelage tachet\u00e9, souvent accompagn\u00e9 de yeux clairs ou vairons. Un look qu\u2019on n\u2019oublie pas de sit\u00f4t.<\/p>\n<p class=\"\" data-start=\"586\" data-end=\"881\">Mais d\u2019o\u00f9 \u00e7a vient, ce style si atypique ? D\u2019un g\u00e8ne bien pr\u00e9cis : le <strong data-start=\"656\" data-end=\"670\">g\u00e8ne merle<\/strong>. C\u2019est lui qui cr\u00e9e ces motifs marbr\u00e9s dans la robe du chien. Et ce g\u00e8ne, c\u2019est un dominant : si un seul des deux parents le porte, il y a de fortes chances pour que le chiot h\u00e9rite aussi de ce pelage mouchet\u00e9.<\/p>\n<h3 class=\"\" data-start=\"883\" data-end=\"920\"><strong>Une robe unique \u00e0 chaque chien<\/strong><\/h3>\n<p class=\"\" data-start=\"922\" data-end=\"1198\">Aucun <strong data-start=\"928\" data-end=\"952\">teckel arlequin nain<\/strong> ne ressemble \u00e0 un autre. Certains auront beaucoup de taches bien visibles, d\u2019autres \u00e0 peine quelques nuances fondues dans leur pelage. Et parfois, m\u00eame si on ne voit pas les taches \u00e0 l\u2019\u0153il nu, le chien peut quand m\u00eame \u00eatre porteur du g\u00e8ne merle.<\/p>\n<p class=\"\" data-start=\"1200\" data-end=\"1495\">\ud83d\udca1<strong> Bon \u00e0 savoir :<\/strong> deux parents porteurs du g\u00e8ne merle ne doivent <strong data-start=\"1265\" data-end=\"1275\">jamais<\/strong> \u00eatre crois\u00e9s. Cela peut provoquer de graves probl\u00e8mes de sant\u00e9 chez les chiots (surdit\u00e9, c\u00e9cit\u00e9\u2026). Donc, si tu envisages d\u2019adopter un teckel arlequin, assure-toi que l\u2019\u00e9levage est s\u00e9rieux et transparent sur la g\u00e9n\u00e9tique.<\/p>\n<h2 class=\"\" data-start=\"251\" data-end=\"307\"><strong>Caract\u00e9ristiques physiques du teckel arlequin nain<\/strong><\/h2>\n<p class=\"\" data-start=\"309\" data-end=\"545\">On ne va pas se mentir : le <strong data-start=\"337\" data-end=\"361\">teckel arlequin nain<\/strong>, il attire les regards. Avec son corps tout en longueur, ses pattes minuscules, ses grandes oreilles tombantes et surtout son pelage mouchet\u00e9, c\u2019est un petit chien au look inimitable.<\/p>\n<p class=\"\" data-start=\"547\" data-end=\"679\">Et pourtant, malgr\u00e9 son apparence un peu \u201coriginale\u201d, il reste fid\u00e8le au standard du teckel miniature. Il est juste\u2026 version arty \ud83c\udfa8<\/p>\n<h3 class=\"\" data-start=\"681\" data-end=\"746\"><strong>Taille, poids, silhouette : un format compact mais costaud<\/strong><\/h3>\n<p class=\"\" data-start=\"748\" data-end=\"1029\">Le teckel arlequin nain mesure en g\u00e9n\u00e9ral entre <strong data-start=\"796\" data-end=\"819\">30 et 35 cm de long<\/strong> pour un poids qui tourne autour de <strong data-start=\"855\" data-end=\"867\">3 \u00e0 5 kg<\/strong>.<br data-start=\"868\" data-end=\"871\" \/>Petit, certes\u2026 mais costaud ! Son torse est bien d\u00e9velopp\u00e9, ses pattes courtes mais muscl\u00e9es, et sa silhouette globale assez robuste pour un si petit gabarit.<\/p>\n<p class=\"\" data-start=\"1031\" data-end=\"1085\">\ud83d\udc49 Bref, c\u2019est un mini chien avec une vraie pr\u00e9sence !<\/p>\n<h3 class=\"\" data-start=\"1087\" data-end=\"1133\"><strong>Une palette de couleurs impressionnante<\/strong><\/h3>\n<p class=\"\" data-start=\"1135\" data-end=\"1351\">Le pelage arlequin (ou merle) peut combiner <strong data-start=\"1179\" data-end=\"1197\">plusieurs tons<\/strong> : noir, chocolat, gris, feu, cr\u00e8me, roux, et parfois m\u00eame des touches ros\u00e9es. Le plus fr\u00e9quent ? Un fond brun-rouge avec des taches noires ou gris clair.<\/p>\n<p class=\"\" data-start=\"1353\" data-end=\"1535\">Et comme on l\u2019a dit plus haut, <strong data-start=\"1384\" data-end=\"1421\">chaque teckel arlequin est unique<\/strong>. Certains auront de grandes plages de couleur, d\u2019autres un motif plus subtil. C\u2019est la surprise de la g\u00e9n\u00e9tique !<\/p>\n<h3 class=\"\" data-start=\"1537\" data-end=\"1607\"><strong>Poil court, long ou dur : les trois \u201cstyles\u201d du teckel arlequin<\/strong><\/h3>\n<p class=\"\" data-start=\"1609\" data-end=\"1692\">Eh oui, le <strong data-start=\"1620\" data-end=\"1644\">teckel arlequin nain<\/strong> peut avoir <strong data-start=\"1656\" data-end=\"1690\">trois types de poil diff\u00e9rents<\/strong> :<\/p>\n<ul>\n<li data-start=\"1609\" data-end=\"1692\"><strong data-start=\"1696\" data-end=\"1710\">Poil court<\/strong> : tr\u00e8s lisse, facile \u00e0 entretenir, aspect brillant.<\/li>\n<li data-start=\"1609\" data-end=\"1692\"><strong data-start=\"1765\" data-end=\"1778\">Poil long<\/strong> : soyeux, plus doux au toucher, demande un peu plus de brossage.<\/li>\n<li data-start=\"1609\" data-end=\"1692\"><strong data-start=\"1846\" data-end=\"1874\">Poil dur (ou fil de fer)<\/strong> : plus \u00e9pais et rugueux, avec des sourcils et une barbe caract\u00e9ristique.<\/li>\n<\/ul>\n<p class=\"\" data-start=\"1949\" data-end=\"2096\"><strong>\ud83d\udca1 Petit conseil :<\/strong> adapte les soins du pelage selon son type de poil. Un bon brossage r\u00e9gulier et une hydratation adapt\u00e9e font toute la diff\u00e9rence.<\/p>\n<h2><strong>Temp\u00e9rament du teckel arlequin nain : une mini tornade attachante<\/strong><\/h2>\n<p class=\"\" data-start=\"373\" data-end=\"637\">Derri\u00e8re son look de peluche se cache un vrai petit caract\u00e8re ! Le <strong data-start=\"440\" data-end=\"464\">teckel arlequin nain<\/strong>, comme tous les teckels, est <strong data-start=\"494\" data-end=\"530\">courageux, fid\u00e8le et tr\u00e8s joueur<\/strong>. Mais il peut aussi \u00eatre\u2026 un brin t\u00eatu (on te pr\u00e9vient, tu vas parfois n\u00e9gocier pour qu\u2019il t\u2019\u00e9coute !).<\/p>\n<h3 class=\"\" data-start=\"639\" data-end=\"673\"><strong>Intelligent et (tr\u00e8s) malin<\/strong><\/h3>\n<p class=\"\" data-start=\"675\" data-end=\"872\">C\u2019est un chien <strong data-start=\"690\" data-end=\"715\">curieux, vif d\u2019esprit<\/strong> et qui adore explorer son environnement. Il comprend vite les habitudes de la maison\u2026 et surtout comment obtenir ce qu\u2019il veut (regard suppliant inclus).<\/p>\n<p class=\"\" data-start=\"874\" data-end=\"1050\">Il peut tr\u00e8s bien vivre en appartement, \u00e0 condition d\u2019avoir ses moments de jeu et de stimulation mentale. Et oui, m\u00eame petit, il a besoin de se d\u00e9penser (dans sa t\u00eate aussi !).<\/p>\n<h3 class=\"\" data-start=\"1052\" data-end=\"1087\"><strong>Un mini gardien tr\u00e8s alerte<\/strong><\/h3>\n<p class=\"\" data-start=\"1089\" data-end=\"1365\">Ne te fie pas \u00e0 sa taille : le teckel arlequin est un <strong data-start=\"1143\" data-end=\"1176\">vrai chien de garde miniature<\/strong>. Il est tr\u00e8s attach\u00e9 \u00e0 sa famille et <strong data-start=\"1214\" data-end=\"1250\">n\u2019h\u00e9site pas \u00e0 donner de la voix<\/strong> si un inconnu s\u2019approche. Bon, parfois il en fait un peu trop\u2026 mais c\u2019est parce qu\u2019il prend son r\u00f4le tr\u00e8s \u00e0 c\u0153ur !<\/p>\n<p data-start=\"1367\" data-end=\"1468\"><img decoding=\"async\" class=\"alignnone size-full wp-image-15040\" src=\"https:\/\/almenas.es\/wp-content\/uploads\/2025\/05\/teckel-arlequin-blanco-768x774.jpg.webp\" alt=\"\" width=\"768\" height=\"774\" srcset=\"https:\/\/almenas.es\/wp-content\/uploads\/2025\/05\/teckel-arlequin-blanco-768x774.jpg.webp 768w, https:\/\/almenas.es\/wp-content\/uploads\/2025\/05\/teckel-arlequin-blanco-768x774.jpg-298x300.webp 298w, https:\/\/almenas.es\/wp-content\/uploads\/2025\/05\/teckel-arlequin-blanco-768x774.jpg-150x150.webp 150w\" sizes=\"(max-width: 768px) 100vw, 768px\" \/><\/p>\n<p class=\"\" data-start=\"1367\" data-end=\"1468\">\ud83d\udca1 <strong>Astuce<\/strong> : une bonne socialisation d\u00e8s chiot permet d\u2019\u00e9viter qu\u2019il devienne trop m\u00e9fiant ou aboyeur.<\/p>\n<h3 class=\"\" data-start=\"1470\" data-end=\"1526\"><strong>Parfait pour les enfants\u2026 et les grands-parents !<\/strong><\/h3>\n<p class=\"\" data-start=\"1528\" data-end=\"1762\">Avec son format mini et son c\u00f4t\u00e9 joueur, c\u2019est <strong data-start=\"1575\" data-end=\"1614\">un super compagnon pour les enfants<\/strong> (sous surveillance bien s\u00fbr). Il aime participer \u00e0 la vie de famille, suivre tout le monde partout et faire des siestes coll\u00e9 \u00e0 son humain pr\u00e9f\u00e9r\u00e9.<\/p>\n<p class=\"\" data-start=\"1764\" data-end=\"1896\">Et comme il ne demande pas des heures de balade par jour, <strong data-start=\"1822\" data-end=\"1863\">il convient aussi aux personnes \u00e2g\u00e9es<\/strong> ou aux familles plus casani\u00e8res.<\/p>\n<h2 class=\"\" data-start=\"287\" data-end=\"360\"><strong>Soins et entretien du teckel arlequin nain : le mini guide pratique<\/strong><\/h2>\n<p class=\"\" data-start=\"362\" data-end=\"599\">Bonne nouvelle : le <strong data-start=\"382\" data-end=\"406\">teckel arlequin nain<\/strong> est un chien facile \u00e0 entretenir. Mais comme tous les chiens, il a besoin de quelques attentions r\u00e9guli\u00e8res pour rester au top de sa forme (et garder son pelage aussi beau que sur Insta).<\/p>\n<h3 class=\"\" data-start=\"601\" data-end=\"651\"><strong>Une alimentation \u00e9quilibr\u00e9e, c\u2019est la base<\/strong><\/h3>\n<p class=\"\" data-start=\"653\" data-end=\"800\">Ce petit gabarit a tendance \u00e0 <strong data-start=\"683\" data-end=\"714\">prendre du poids facilement<\/strong>, surtout s\u2019il grignote entre les repas ou s\u2019il bouge peu. Alors on fait attention \u00e0 :<\/p>\n<ul>\n<li data-start=\"653\" data-end=\"800\">lui donner des croquettes de qualit\u00e9 (riches en prot\u00e9ines, pauvres en glucides),<\/li>\n<li data-start=\"653\" data-end=\"800\">\u00e9viter les restes de table ou les friandises \u00e0 gogo,<\/li>\n<li data-start=\"653\" data-end=\"800\">bien respecter les doses recommand\u00e9es.<\/li>\n<\/ul>\n<p class=\"\" data-start=\"982\" data-end=\"1058\">\ud83d\udca1 <strong>Conseil<\/strong> <strong>bonus<\/strong> : opte pour une gamelle anti-glouton s\u2019il mange trop vite !<\/p>\n<h3 class=\"\" data-start=\"1060\" data-end=\"1129\"><strong>Activit\u00e9 physique : un peu chaque jour, mais pas trop non plus<\/strong><\/h3>\n<p class=\"\" data-start=\"1131\" data-end=\"1333\">M\u00eame mini, le teckel arlequin est un <strong data-start=\"1168\" data-end=\"1196\">petit joueur infatigable<\/strong>. Il adore courir, explorer, tirer sur sa corde ou chasser des jouets. L\u2019id\u00e9al ? Des sessions de jeu quotidiennes, mais sans trop forcer.<\/p>\n<p class=\"\" data-start=\"1335\" data-end=\"1487\">\u26a0\ufe0f <strong>Attention<\/strong> aux sauts, escaliers ou jeux trop brusques : son dos long est fragile, et les risques de hernie discale sont r\u00e9els si on ne fait pas gaffe.<\/p>\n<h3 class=\"\" data-start=\"1489\" data-end=\"1552\"><strong>Entretien du pelage : \u00e0 adapter selon le type de poil<\/strong><\/h3>\n<ul data-start=\"1554\" data-end=\"1828\">\n<li class=\"\" data-start=\"1554\" data-end=\"1605\">\n<p class=\"\" data-start=\"1556\" data-end=\"1605\"><strong data-start=\"1556\" data-end=\"1570\">Poil court<\/strong> : un brossage hebdomadaire suffit.<\/p>\n<\/li>\n<li class=\"\" data-start=\"1606\" data-end=\"1693\">\n<p class=\"\" data-start=\"1608\" data-end=\"1693\"><strong data-start=\"1608\" data-end=\"1621\">Poil long<\/strong> : un peu plus de brossage (2\u20133 fois par semaine) pour \u00e9viter les n\u0153uds.<\/p>\n<\/li>\n<li class=\"\" data-start=\"1694\" data-end=\"1828\">\n<p class=\"\" data-start=\"1696\" data-end=\"1828\"><strong data-start=\"1696\" data-end=\"1708\">Poil dur<\/strong> : il faudra l\u2019emmener au toilettage de temps en temps pour un \u00e9pilation douce (ou apprendre \u00e0 le faire \u00e0 la maison).<\/p>\n<\/li>\n<\/ul>\n<p class=\"\" data-start=\"1830\" data-end=\"1956\">\ud83d\udca1 Chez Las Almenas, on recommande d\u2019hydrater le poil avec une lotion sans rin\u00e7age tous les 20 jours environ, surtout l\u2019hiver.<\/p>\n<h3 class=\"\" data-start=\"1958\" data-end=\"2006\"><strong>Rendez-vous r\u00e9guliers chez le v\u00e9t\u00e9rinaire<\/strong><\/h3>\n<p class=\"\" data-start=\"2008\" data-end=\"2075\">Comme beaucoup de races naines, le teckel arlequin peut pr\u00e9senter :<\/p>\n<ul data-start=\"2077\" data-end=\"2219\">\n<li class=\"\" data-start=\"2077\" data-end=\"2111\">\n<p class=\"\" data-start=\"2079\" data-end=\"2111\">des fragilit\u00e9s au niveau du dos,<\/p>\n<\/li>\n<li class=\"\" data-start=\"2112\" data-end=\"2139\">\n<p class=\"\" data-start=\"2114\" data-end=\"2139\">une tendance au surpoids,<\/p>\n<\/li>\n<li class=\"\" data-start=\"2140\" data-end=\"2219\">\n<p class=\"\" data-start=\"2142\" data-end=\"2219\">ou, plus rarement, des probl\u00e8mes li\u00e9s au g\u00e8ne merle s\u2019il est mal s\u00e9lectionn\u00e9.<\/p>\n<\/li>\n<\/ul>\n<p class=\"\" data-start=\"2221\" data-end=\"2397\">Des contr\u00f4les v\u00e9t\u00e9rinaires r\u00e9guliers, une bonne vaccination et un suivi pr\u00e9ventif sont essentiels pour d\u00e9tecter les petits soucis avant qu\u2019ils ne deviennent de vrais probl\u00e8mes.<\/p>\n<p data-start=\"2221\" data-end=\"2397\"><img decoding=\"async\" class=\"alignnone size-full wp-image-15048\" src=\"https:\/\/almenas.es\/wp-content\/uploads\/2025\/05\/teckel-arlequin-nan.webp\" alt=\"teckel arlequin nan\" width=\"790\" height=\"539\" srcset=\"https:\/\/almenas.es\/wp-content\/uploads\/2025\/05\/teckel-arlequin-nan.webp 790w, https:\/\/almenas.es\/wp-content\/uploads\/2025\/05\/teckel-arlequin-nan-300x205.webp 300w, https:\/\/almenas.es\/wp-content\/uploads\/2025\/05\/teckel-arlequin-nan-768x524.webp 768w\" sizes=\"(max-width: 790px) 100vw, 790px\" \/><\/p>\n<h2 class=\"\" data-start=\"382\" data-end=\"456\"><strong>Sant\u00e9 du teckel arlequin nain : les points \u00e0 ne surtout pas n\u00e9gliger<\/strong><\/h2>\n<p class=\"\" data-start=\"458\" data-end=\"805\">\u00c0 premi\u00e8re vue, le <strong data-start=\"477\" data-end=\"501\">teckel arlequin nain<\/strong> a l\u2019air d\u2019un petit costaud. Mais sous ses airs de chien robuste se cachent quelques <strong data-start=\"586\" data-end=\"629\">fragilit\u00e9s sp\u00e9cifiques \u00e0 sa morphologie<\/strong> et \u00e0 sa g\u00e9n\u00e9tique. Pour \u00e9viter les mauvaises surprises, voici ce que tu dois absolument savoir si tu veux lui offrir une longue vie pleine de rebonds (mais pas trop hauts).<\/p>\n<h3 class=\"\" data-start=\"807\" data-end=\"849\"><strong>Le surpoids : ennemi n\u00b01 de son dos<\/strong><\/h3>\n<p class=\"\" data-start=\"851\" data-end=\"1029\">Avec sa silhouette allong\u00e9e et ses petites pattes, le teckel est particuli\u00e8rement sujet aux <strong data-start=\"943\" data-end=\"963\">probl\u00e8mes de dos<\/strong> : hernies discales, douleurs lombaires, difficult\u00e9 \u00e0 se d\u00e9placer\u2026<\/p>\n<p class=\"\" data-start=\"1031\" data-end=\"1190\">Et l\u2019un des facteurs aggravants, c\u2019est le <strong data-start=\"1073\" data-end=\"1085\">surpoids<\/strong>. M\u00eame quelques centaines de grammes en trop peuvent <strong data-start=\"1138\" data-end=\"1189\">accentuer la pression sur sa colonne vert\u00e9brale<\/strong>.<\/p>\n<p class=\"\" data-start=\"1031\" data-end=\"1190\">\u00a0\u00c0 faire :<\/p>\n<ul>\n<li data-start=\"1192\" data-end=\"1204\">G\u00e9rer les quantit\u00e9s de nourriture (m\u00eame s\u2019il te supplie avec ses grands yeux),<\/li>\n<li data-start=\"1192\" data-end=\"1204\">Limiter les friandises trop grasses ou sucr\u00e9es,<\/li>\n<li data-start=\"1192\" data-end=\"1204\">Pr\u00e9voir une activit\u00e9 physique douce mais r\u00e9guli\u00e8re.<\/li>\n<\/ul>\n<p class=\"\" data-start=\"1391\" data-end=\"1531\">\ud83d\udca1 <strong>Petit conseil :<\/strong> \u00e9vite de le laisser sauter du canap\u00e9 ou monter les escaliers \u00e0 r\u00e9p\u00e9tition. Un petit escalier ou une rampe, c\u2019est l\u2019id\u00e9al.<\/p>\n<h3 class=\"\" data-start=\"1633\" data-end=\"1682\"><strong>Hernie discale : le point faible du teckel<\/strong><\/h3>\n<p class=\"\" data-start=\"1684\" data-end=\"1849\">C\u2019est LA pathologie typique de cette race. La <strong data-start=\"1730\" data-end=\"1748\">hernie discale<\/strong> survient lorsque les disques entre les vert\u00e8bres se d\u00e9placent ou s\u2019\u00e9crasent, ce qui peut entra\u00eener :<\/p>\n<ul>\n<li data-start=\"1684\" data-end=\"1849\">des douleurs vives au niveau du dos ou du cou,<\/li>\n<li data-start=\"1684\" data-end=\"1849\">des tremblements ou des cris au moindre mouvement,<\/li>\n<li data-start=\"1684\" data-end=\"1849\">des difficult\u00e9s \u00e0 marcher (voire une paralysie des pattes arri\u00e8re).<\/li>\n<\/ul>\n<p class=\"\" data-start=\"2024\" data-end=\"2173\">Le risque est accru chez le teckel \u00e0 cause de son <strong data-start=\"2077\" data-end=\"2121\">dos tr\u00e8s long et ses pattes tr\u00e8s courtes<\/strong>, qui exercent une tension naturelle sur la colonne.<\/p>\n<p class=\"\" data-start=\"2175\" data-end=\"2338\">\ud83c\udfaf Si tu observes un changement brutal dans sa d\u00e9marche, qu\u2019il a du mal \u00e0 se lever ou qu\u2019il montre des signes de douleur : <strong data-start=\"2298\" data-end=\"2337\">direction le v\u00e9t\u00e9rinaire en urgence<\/strong>.<\/p>\n<p class=\"\" data-start=\"2340\" data-end=\"2352\"><strong>Pr\u00e9vention :<\/strong><\/p>\n<ul>\n<li data-start=\"2340\" data-end=\"2352\">Pas de sauts brusques.<\/li>\n<li data-start=\"2340\" data-end=\"2352\">Pas d\u2019escaliers r\u00e9p\u00e9t\u00e9s.<\/li>\n<li data-start=\"2340\" data-end=\"2352\">Contr\u00f4le strict du poids.<\/li>\n<li data-start=\"2340\" data-end=\"2352\">Jeux calmes, sur surface plane.<\/li>\n<\/ul>\n<h3 class=\"\" data-start=\"1533\" data-end=\"1573\"><strong>Le g\u00e8ne merle : beau mais d\u00e9licat<\/strong><\/h3>\n<p class=\"\" data-start=\"1575\" data-end=\"1715\">Le pelage arlequin si particulier du teckel est d\u00fb au <strong data-start=\"1629\" data-end=\"1643\">g\u00e8ne merle<\/strong>, un g\u00e8ne dominant responsable des marbrures et parfois des yeux clairs.<\/p>\n<p class=\"\" data-start=\"1717\" data-end=\"1889\">Mais ce g\u00e8ne peut aussi poser probl\u00e8me\u2026 <strong data-start=\"1757\" data-end=\"1808\">quand deux parents merle sont crois\u00e9s entre eux<\/strong>. On parle alors de \u201cdouble merle\u201d, et les risques pour les chiots sont s\u00e9rieux :<\/p>\n<ul>\n<li data-start=\"1717\" data-end=\"1889\">Surdit\u00e9,<\/li>\n<li data-start=\"1717\" data-end=\"1889\">C\u00e9cit\u00e9 partielle ou totale,<\/li>\n<li data-start=\"1717\" data-end=\"1889\">Troubles neurologiques.<\/li>\n<\/ul>\n<p class=\"\" data-start=\"1958\" data-end=\"2147\">\ud83c\udfaf Ce n\u2019est pas une fatalit\u00e9, mais <strong data-start=\"1993\" data-end=\"2020\">une r\u00e9alit\u00e9 \u00e0 conna\u00eetre<\/strong> : si tu adoptes un teckel arlequin nain, assure-toi que l\u2019\u00e9leveur est transparent sur les croisements et les tests g\u00e9n\u00e9tiques.<\/p>\n<h3 class=\"\" data-start=\"2149\" data-end=\"2191\"><strong>Autres probl\u00e8mes de sant\u00e9 possibles<\/strong><\/h3>\n<p class=\"\" data-start=\"2193\" data-end=\"2294\">M\u00eame en dehors du dos et du g\u00e8ne merle, le teckel peut \u00eatre sujet \u00e0 d\u2019autres soucis de sant\u00e9, comme :<\/p>\n<ul>\n<li data-start=\"2193\" data-end=\"2294\"><strong data-start=\"2297\" data-end=\"2320\">Probl\u00e8mes dentaires<\/strong> : tartre, gingivite, surtout chez les petits chiens.<\/li>\n<li data-start=\"2193\" data-end=\"2294\"><strong data-start=\"2376\" data-end=\"2400\">Affections oculaires<\/strong> : en lien avec la g\u00e9n\u00e9tique ou l\u2019\u00e2ge.<\/li>\n<li data-start=\"2193\" data-end=\"2294\"><strong data-start=\"2441\" data-end=\"2467\">Pathologies cardiaques<\/strong> : certaines lign\u00e9es sont plus sensibles, d\u2019o\u00f9 l\u2019importance du suivi v\u00e9t\u00e9rinaire.<\/li>\n<\/ul>\n<p class=\"\" data-start=\"2550\" data-end=\"2725\">\ud83d\udca1 <strong>Fais attention<\/strong> aussi aux signes discrets : s\u2019il devient moins actif, refuse de sauter, montre des signes de douleur ou change de comportement, n\u2019attends pas pour consulter.<\/p>\n<h3 class=\"\" data-start=\"2727\" data-end=\"2788\"><strong>Des visites r\u00e9guli\u00e8res pour une pr\u00e9vention efficace<\/strong><\/h3>\n<p class=\"\" data-start=\"2790\" data-end=\"2863\">Un teckel suivi de pr\u00e8s est un teckel en pleine forme. On te recommande :<\/p>\n<ul>\n<li data-start=\"2790\" data-end=\"2863\">1 visite annuelle minimum chez le v\u00e9t\u00e9rinaire,<\/li>\n<li data-start=\"2790\" data-end=\"2863\">Un suivi du poids tous les 6 mois,<\/li>\n<li data-start=\"2790\" data-end=\"2863\">Des contr\u00f4les dentaires r\u00e9guliers,<\/li>\n<li data-start=\"2790\" data-end=\"2863\">Des vaccins \u00e0 jour et une pr\u00e9vention antiparasitaire efficace.<\/li>\n<\/ul>\n<p>&nbsp;<\/p>\n<h2 class=\"\" data-start=\"327\" data-end=\"404\"><strong>Adopter un teckel arlequin nain en France : ce qu&rsquo;il faut savoir<\/strong><\/h2>\n<p class=\"\" data-start=\"406\" data-end=\"639\">Tu es s\u00e9duit\u00b7e par la bouille unique du <strong data-start=\"446\" data-end=\"470\">teckel arlequin nain<\/strong> ? On te comprend. Ce petit chien a tout pour faire fondre les c\u0153urs\u2026 mais avant de l\u2019adopter, il y a quelques points essentiels \u00e0 conna\u00eetre pour que tout se passe bien.<\/p>\n<h3 class=\"\" data-start=\"641\" data-end=\"674\"><strong>Est-ce un chien pour moi ?<\/strong><\/h3>\n<p class=\"\" data-start=\"676\" data-end=\"800\">Le teckel arlequin nain est un <strong data-start=\"707\" data-end=\"749\">chien affectueux, loyal et intelligent<\/strong>, mais il a aussi un sacr\u00e9 caract\u00e8re. Il lui faut :<\/p>\n<ul data-start=\"802\" data-end=\"1013\">\n<li class=\"\" data-start=\"802\" data-end=\"838\">\n<p class=\"\" data-start=\"804\" data-end=\"838\">une bonne socialisation d\u00e8s chiot,<\/p>\n<\/li>\n<li class=\"\" data-start=\"839\" data-end=\"927\">\n<p class=\"\" data-start=\"841\" data-end=\"927\">un environnement o\u00f9 il peut se sentir en s\u00e9curit\u00e9 (pas trop de stimulations brusques),<\/p>\n<\/li>\n<li class=\"\" data-start=\"928\" data-end=\"1013\">\n<p class=\"\" data-start=\"930\" data-end=\"1013\">un humain patient, capable de lui offrir du jeu, de l\u2019attention\u2026 et un cadre clair.<\/p>\n<\/li>\n<\/ul>\n<p class=\"\" data-start=\"1015\" data-end=\"1198\">\ud83d\udc49 Il conviendra parfaitement \u00e0 une famille douce, des personnes vivant en appartement ou des seniors actifs. Il n\u2019a pas besoin de faire 10 km par jour, mais <strong data-start=\"1173\" data-end=\"1197\">il d\u00e9teste s\u2019ennuyer<\/strong>.<\/p>\n<h3 class=\"\" data-start=\"1131\" data-end=\"1188\"><strong>O\u00f9 adopter un teckel arlequin en toute confiance ?<\/strong><\/h3>\n<p class=\"\" data-start=\"1190\" data-end=\"1357\">Ce type de teckel \u00e9tant de plus en plus recherch\u00e9, certains \u00e9levages peu scrupuleux n\u2019h\u00e9sitent pas \u00e0 proposer des chiots sans test g\u00e9n\u00e9tique ni suivi de sant\u00e9 s\u00e9rieux.<\/p>\n<p class=\"\" data-start=\"1359\" data-end=\"1376\">\ud83c\udfaf Nos conseils :<\/p>\n<ul>\n<li data-start=\"1359\" data-end=\"1376\">Choisis un <strong data-start=\"1390\" data-end=\"1427\">\u00e9levage sp\u00e9cialis\u00e9 dans le teckel<\/strong>, reconnu et transparent,<\/li>\n<li data-start=\"1359\" data-end=\"1376\">Demande \u00e0 voir les <strong data-start=\"1474\" data-end=\"1494\">parents du chiot<\/strong>,<\/li>\n<li data-start=\"1359\" data-end=\"1376\">V\u00e9rifie que <strong data-start=\"1510\" data-end=\"1534\">les tests g\u00e9n\u00e9tiques<\/strong> (notamment pour le g\u00e8ne merle) ont bien \u00e9t\u00e9 r\u00e9alis\u00e9s,<\/li>\n<li data-start=\"1359\" data-end=\"1376\">Exige un <strong data-start=\"1600\" data-end=\"1626\">certificat v\u00e9t\u00e9rinaire<\/strong> avec les premiers vaccins et un carnet de sant\u00e9 \u00e0 jour.<\/li>\n<\/ul>\n<p class=\"\" data-start=\"1684\" data-end=\"1846\">\ud83d\udcac Et surtout, prends le temps de poser toutes tes questions \u00e0 l\u2019\u00e9leveur. Un bon professionnel t\u2019\u00e9coutera, te conseillera, et ne te pressera jamais pour \u201cvendre\u201d.<\/p>\n<p data-start=\"1848\" data-end=\"2117\"><img loading=\"lazy\" decoding=\"async\" class=\"alignnone wp-image-15044 size-full\" src=\"https:\/\/almenas.es\/wp-content\/uploads\/2025\/05\/criadero-teckel-arlequin-nan-France.webp\" alt=\"criadero-teckel-arlequin-nan-France\" width=\"768\" height=\"432\" srcset=\"https:\/\/almenas.es\/wp-content\/uploads\/2025\/05\/criadero-teckel-arlequin-nan-France.webp 768w, https:\/\/almenas.es\/wp-content\/uploads\/2025\/05\/criadero-teckel-arlequin-nan-France-300x169.webp 300w\" sizes=\"(max-width: 768px) 100vw, 768px\" \/><\/p>\n<p class=\"\" data-start=\"1848\" data-end=\"2117\">\ud83d\udccd <strong data-start=\"1851\" data-end=\"1871\">Chez Las Almenas<\/strong>, on \u00e9l\u00e8ve des teckels arlequins miniatures dans le respect de leur sant\u00e9, de leur caract\u00e8re et avec une grande attention port\u00e9e \u00e0 leur socialisation. N\u2019h\u00e9site pas \u00e0 nous contacter si tu veux en savoir plus sur nos port\u00e9es ou poser tes questions.<\/p>\n<h2 class=\"\" data-start=\"461\" data-end=\"516\"><strong>Foire aux questions (FAQ) \u2013 Teckel arlequin nain en France<\/strong><\/h2>\n<ol>\n<li data-start=\"518\" data-end=\"568\"><strong data-start=\"522\" data-end=\"568\">Le teckel arlequin est-il un vrai teckel ?<br \/>\n<\/strong>Oui, bien s\u00fbr ! Le teckel arlequin (ou merle) est une vari\u00e9t\u00e9 reconnue du teckel miniature. Sa particularit\u00e9, c\u2019est son pelage mouchet\u00e9 d\u00fb au g\u00e8ne merle, mais il partage le m\u00eame standard de race, le m\u00eame caract\u00e8re et les m\u00eames besoins que les autres teckels.<\/li>\n<li data-start=\"518\" data-end=\"568\"><strong data-start=\"838\" data-end=\"896\">Un teckel arlequin nain peut-il vivre en appartement ?<br \/>\n<\/strong>Absolument. Gr\u00e2ce \u00e0 son petit gabarit et \u00e0 son temp\u00e9rament affectueux, le teckel arlequin nain s\u2019adapte tr\u00e8s bien \u00e0 la vie en appartement. Il faut simplement lui offrir des jeux, des promenades r\u00e9guli\u00e8res et beaucoup de stimulations mentales pour \u00e9viter l\u2019ennui.<\/li>\n<li data-start=\"518\" data-end=\"568\"><strong data-start=\"1170\" data-end=\"1226\">Le teckel merle est-il plus fragile que les autres ?<br \/>\n<\/strong>Il peut l\u2019\u00eatre, surtout en cas de croisement entre deux porteurs du g\u00e8ne merle. Cela peut entra\u00eener des risques de surdit\u00e9, de c\u00e9cit\u00e9 ou de troubles neurologiques. D\u2019o\u00f9 l\u2019importance de choisir un \u00e9levage s\u00e9rieux et de demander les tests g\u00e9n\u00e9tiques.<\/li>\n<li data-start=\"518\" data-end=\"568\"><strong data-start=\"1486\" data-end=\"1545\">Comment savoir si un teckel est porteur du g\u00e8ne merle ?<br \/>\n<\/strong>Un test ADN permet de le confirmer avec certitude. Certains chiens peuvent porter le g\u00e8ne sans avoir de taches visibles. Si tu adoptes un chiot arlequin, demande toujours \u00e0 l\u2019\u00e9leveur la preuve des tests g\u00e9n\u00e9tiques r\u00e9alis\u00e9s sur les parents.<\/li>\n<li data-start=\"518\" data-end=\"568\">\n<p data-pm-slice=\"1 1 []\"><strong>Combien co\u00fbte un teckel arlequin nain en France ?<\/strong> Les prix varient selon les \u00e9levages et la lign\u00e9e du chiot. Chez Las Almenas, le prix est transparent et comprend tous les soins v\u00e9t\u00e9rinaires, les tests et un suivi apr\u00e8s adoption.\u00a0 \ud83d\udcf2 Contacte-nous d\u00e8s maintenant pour conna\u00eetre les chiots disponibles, poser tes questions ou simplement en savoir plus.<\/p>\n<\/li>\n<li data-start=\"518\" data-end=\"568\">\n<p data-pm-slice=\"1 1 []\"><strong>Puis-je adopter un teckel arlequin nain en France m\u00eame si l\u2019\u00e9levage est en Espagne ?<\/strong> Oui, absolument ! Nous avons d\u00e9j\u00e0 accompagn\u00e9 de nombreuses familles fran\u00e7aises. Tout est fait dans le respect de la l\u00e9gislation europ\u00e9enne.<\/p>\n<\/li>\n<li data-start=\"518\" data-end=\"568\">\n<p data-pm-slice=\"1 1 []\"><strong>Quels sont les avantages du teckel arlequin par rapport aux autres teckels ?<\/strong> Son pelage unique et sa personnalit\u00e9 vive en font une vari\u00e9t\u00e9 tr\u00e8s recherch\u00e9e. C\u2019est un petit chien avec un grand c\u0153ur et un look incomparable.<\/p>\n<\/li>\n<li data-start=\"518\" data-end=\"568\"><strong data-start=\"2082\" data-end=\"2126\">Un teckel arlequin aboie-t-il beaucoup ?<br \/>\n<\/strong>Comme tous les teckels, il peut \u00eatre un peu bavard, surtout s\u2019il s\u2019ennuie ou s\u2019il n\u2019a pas \u00e9t\u00e9 bien socialis\u00e9. Une bonne \u00e9ducation d\u00e8s chiot permet de limiter les aboiements et de canaliser son \u00e9nergie.<\/li>\n<li data-start=\"518\" data-end=\"568\"><strong data-start=\"2339\" data-end=\"2389\">Le teckel est-il compatible avec des enfants ?<br \/>\n<\/strong>Oui, le teckel arlequin nain est un super compagnon pour les enfants, \u00e0 condition que les interactions soient surveill\u00e9es. Il adore jouer, participer \u00e0 la vie de famille et recevoir des c\u00e2lins, mais il n\u2019aime pas \u00eatre manipul\u00e9 brutalement.<\/li>\n<li data-start=\"518\" data-end=\"568\"><strong data-start=\"2640\" data-end=\"2713\">Quels sont les probl\u00e8mes de sant\u00e9 fr\u00e9quents chez le teckel arlequin ?<br \/>\n<\/strong>Les principaux risques sont : les <strong data-start=\"2750\" data-end=\"2769\">hernie discales<\/strong> (\u00e0 cause de leur dos long), le <strong data-start=\"2803\" data-end=\"2815\">surpoids<\/strong>, les <strong data-start=\"2823\" data-end=\"2854\">troubles li\u00e9s au g\u00e8ne merle<\/strong> (s\u2019ils sont mal s\u00e9lectionn\u00e9s) et les <strong data-start=\"2892\" data-end=\"2927\">maladies dentaires et oculaires<\/strong>. Des visites v\u00e9t\u00e9rinaires r\u00e9guli\u00e8res permettent de pr\u00e9venir efficacement ces probl\u00e8mes.<\/li>\n<\/ol>\n<p>&nbsp;<\/p>\n<p class=\"\" data-start=\"314\" data-end=\"497\">Le teckel arlequin nain, c\u2019est un concentr\u00e9 de charme, d\u2019intelligence et de caract\u00e8re\u2026 le tout dans un format mini. Un chien qu\u2019on n\u2019oublie pas, ni pour son look, ni pour sa fid\u00e9lit\u00e9. Mais comme pour toutes les races, mieux vaut adopter en connaissance de cause : bien s\u2019informer, choisir un bon \u00e9levage, comprendre ses besoins et ses fragilit\u00e9s\u2026 C\u2019est la cl\u00e9 pour vivre une belle histoire ensemble (sans mauvaises surprises).<\/p>\n<p class=\"\" data-start=\"743\" data-end=\"954\">\ud83d\udc49 Et toi, tu craques pour le teckel arlequin nain en France ? T\u2019en as d\u00e9j\u00e0 un \u00e0 la maison ? Viens nous raconter \u00e7a en commentaire, pose-nous tes questions, partage ton exp\u00e9rience : on adore \u00e9changer avec la communaut\u00e9 \ud83d\udcac<\/p>\n<p class=\"\" data-start=\"956\" data-end=\"1210\">\ud83d\udcda Et si tu veux continuer \u00e0 d\u00e9couvrir des articles utiles, des conseils sant\u00e9 ou des fiches race bien compl\u00e8tes, passe faire un tour sur <a href=\"https:\/\/almenas.es\/fr\/blog\/\">le blog de <strong data-start=\"1105\" data-end=\"1120\">Las Almenas<\/strong><\/a> : on publie chaque semaine de nouveaux contenus pour t\u2019aider \u00e0 prendre soin de ton chien.<\/p>\n<p class=\"\" data-start=\"1212\" data-end=\"1368\">\ud83d\udcf2 Tu peux aussi nous retrouver sur \u00a0<a class=\"\" href=\"https:\/\/www.instagram.com\/lasalmenas\/\" target=\"_new\" rel=\"noopener nofollow\" data-start=\"1173\" data-end=\"1223\">Instagram<\/a>,\u00a0<a class=\"\" href=\"https:\/\/www.facebook.com\/centrocaninolasalmenas\" target=\"_new\" rel=\"noopener nofollow\" data-start=\"1225\" data-end=\"1272\">Facebook,<\/a>\u00a0<a href=\"https:\/\/www.tiktok.com\/@centrolasalmenas\" target=\"_blank\" rel=\"noopener nofollow\">TikTok<\/a>\u00a0ou m\u00eame\u00a0<a class=\"\" href=\"https:\/\/www.youtube.com\/@LasAlmenas\" target=\"_new\" rel=\"noopener nofollow\" data-start=\"1281\" data-end=\"1327\">YouTube<\/a> pour encore plus d\u2019infos, d\u2019astuces et de petites truffes trop mignonnes.<\/p>\n<p class=\"\" data-start=\"1370\" data-end=\"1487\">\u00c0 tr\u00e8s vite dans la grande famille Las Almenas\u2026 et en attendant, fais une grosse caresse \u00e0 ton poilu de notre part.<\/p>\n","protected":false},"excerpt":{"rendered":"<p>Tu cherches un compagnon petit par la taille, mais immense par la personnalit\u00e9 ? Le teckel arlequin nain (ou \u00ab teckel merle \u00bb, pour les intimes) a tout pour te faire craquer : une bouille unique avec ses petites taches, un regard malin souvent clair\u2026 et un caract\u00e8re bien tremp\u00e9 dans un corps de saucisse. [&hellip;]<\/p>\n","protected":false},"author":12,"featured_media":15014,"comment_status":"closed","ping_status":"closed","sticky":false,"template":"","format":"standard","meta":{"footnotes":""},"categories":[3120],"tags":[],"class_list":["post-15010","post","type-post","status-publish","format-standard","has-post-thumbnail","hentry","category-races"],"_links":{"self":[{"href":"https:\/\/almenas.es\/fr\/wp-json\/wp\/v2\/posts\/15010","targetHints":{"allow":["GET"]}}],"collection":[{"href":"https:\/\/almenas.es\/fr\/wp-json\/wp\/v2\/posts"}],"about":[{"href":"https:\/\/almenas.es\/fr\/wp-json\/wp\/v2\/types\/post"}],"author":[{"embeddable":true,"href":"https:\/\/almenas.es\/fr\/wp-json\/wp\/v2\/users\/12"}],"replies":[{"embeddable":true,"href":"https:\/\/almenas.es\/fr\/wp-json\/wp\/v2\/comments?post=15010"}],"version-history":[{"count":8,"href":"https:\/\/almenas.es\/fr\/wp-json\/wp\/v2\/posts\/15010\/revisions"}],"predecessor-version":[{"id":15056,"href":"https:\/\/almenas.es\/fr\/wp-json\/wp\/v2\/posts\/15010\/revisions\/15056"}],"wp:featuredmedia":[{"embeddable":true,"href":"https:\/\/almenas.es\/fr\/wp-json\/wp\/v2\/media\/15014"}],"wp:attachment":[{"href":"https:\/\/almenas.es\/fr\/wp-json\/wp\/v2\/media?parent=15010"}],"wp:term":[{"taxonomy":"category","embeddable":true,"href":"https:\/\/almenas.es\/fr\/wp-json\/wp\/v2\/categories?post=15010"},{"taxonomy":"post_tag","embeddable":true,"href":"https:\/\/almenas.es\/fr\/wp-json\/wp\/v2\/tags?post=15010"}],"curies":[{"name":"wp","href":"https:\/\/api.w.org\/{rel}","templated":true}]}}